{"id":15613,"date":"2024-12-09T13:04:45","date_gmt":"2024-12-09T13:04:45","guid":{"rendered":"https:\/\/caritasrosario.com.ar\/inicio\/?p=15613"},"modified":"2024-12-09T13:06:04","modified_gmt":"2024-12-09T13:06:04","slug":"encuentro-anual-voluntarios-caritas","status":"publish","type":"post","link":"https:\/\/caritasrosario.com.ar\/inicio\/encuentro-anual-voluntarios-caritas\/","title":{"rendered":"Encuentro Anual Voluntarios C\u00e1ritas"},"content":{"rendered":"\t\t<div data-elementor-type=\"wp-post\" data-elementor-id=\"15613\" class=\"elementor elementor-15613\">\n\t\t\t\t\t\t<section class=\"elementor-section elementor-top-section elementor-element elementor-element-cbef853 elementor-section-boxed elementor-section-height-default elementor-section-height-default\" data-id=\"cbef853\" data-element_type=\"section\">\n\t\t\t\t\t\t<div class=\"elementor-container elementor-column-gap-default\">\n\t\t\t\t\t<div class=\"elementor-column elementor-col-100 elementor-top-column elementor-element elementor-element-45b2647\" data-id=\"45b2647\" data-element_type=\"column\">\n\t\t\t<div class=\"elementor-widget-wrap elementor-element-populated\">\n\t\t\t\t\t\t<div class=\"elementor-element elementor-element-63f401b elementor-widget elementor-widget-text-editor\" data-id=\"63f401b\" data-element_type=\"widget\" data-widget_type=\"text-editor.default\">\n\t\t\t\t<div class=\"elementor-widget-container\">\n\t\t\t\t\t\t\t\t\t<p>\u00a0Encuentro Anual Voluntarios C\u00e1ritas Parroquiales.<\/p><p>S\u00e1bado 7 de diciembre.<br \/>Comenzamos la jornada celebrando la Santa Misa en Acci\u00f3n de Gracias en la Bas\u00edlica &#8220;Ntra. Sra. de Lourdes&#8221;, luego peregrinamos hasta la sede de C\u00e1ritas para compartir el resto del encuentro con la Feria de Emprendedores de @ecosol.caritasrosario, almuerzo, charlas y abrazos despu\u00e9s de un nuevo a\u00f1o compartido, renovando la esperanza y el servicio al pr\u00f3jimo.<br \/>&#8221; Con Mar\u00eda, peregrinos de la esperanza&#8221;<\/p>\t\t\t\t\t\t\t\t<\/div>\n\t\t\t\t<\/div>\n\t\t\t\t\t<\/div>\n\t\t<\/div>\n\t\t\t\t\t<\/div>\n\t\t<\/section>\n\t\t\t\t<section class=\"elementor-section elementor-top-section elementor-element elementor-element-c60f959 elementor-section-boxed elementor-section-height-default elementor-section-height-default\" data-id=\"c60f959\" data-element_type=\"section\">\n\t\t\t\t\t\t<div class=\"elementor-container elementor-column-gap-default\">\n\t\t\t\t\t<div class=\"elementor-column elementor-col-100 elementor-top-column elementor-element elementor-element-3b8b948\" data-id=\"3b8b948\" data-element_type=\"column\">\n\t\t\t<div class=\"elementor-widget-wrap elementor-element-populated\">\n\t\t\t\t\t\t<div class=\"elementor-element elementor-element-01aecc1 elementor-widget elementor-widget-image\" data-id=\"01aecc1\" data-element_type=\"widget\" data-widget_type=\"image.default\">\n\t\t\t\t<div class=\"elementor-widget-container\">\n\t\t\t\t\t\t\t\t\t\t\t\t\t\t\t<img fetchpriority=\"high\" decoding=\"async\" width=\"640\" height=\"360\" src=\"https:\/\/caritasrosario.com.ar\/inicio\/wp-content\/uploads\/2024\/12\/EV-1024x576.jpg\" class=\"attachment-large size-large wp-image-15616\" alt=\"\" srcset=\"https:\/\/caritasrosario.com.ar\/inicio\/wp-content\/uploads\/2024\/12\/EV-1024x576.jpg 1024w, https:\/\/caritasrosario.com.ar\/inicio\/wp-content\/uploads\/2024\/12\/EV-300x169.jpg 300w, https:\/\/caritasrosario.com.ar\/inicio\/wp-content\/uploads\/2024\/12\/EV-768x432.jpg 768w, https:\/\/caritasrosario.com.ar\/inicio\/wp-content\/uploads\/2024\/12\/EV.jpg 1079w\" sizes=\"(max-width: 640px) 100vw, 640px\" \/>\t\t\t\t\t\t\t\t\t\t\t\t\t\t\t<\/div>\n\t\t\t\t<\/div>\n\t\t\t\t\t<\/div>\n\t\t<\/div>\n\t\t\t\t\t<\/div>\n\t\t<\/section>\n\t\t\t\t<section class=\"elementor-section elementor-top-section elementor-element elementor-element-d52bb30 elementor-section-boxed elementor-section-height-default elementor-section-height-default\" data-id=\"d52bb30\" data-element_type=\"section\">\n\t\t\t\t\t\t<div class=\"elementor-container elementor-column-gap-default\">\n\t\t\t\t\t<div class=\"elementor-column elementor-col-100 elementor-top-column elementor-element elementor-element-3c9c20a\" data-id=\"3c9c20a\" data-element_type=\"column\">\n\t\t\t<div class=\"elementor-widget-wrap elementor-element-populated\">\n\t\t\t\t\t\t<div class=\"elementor-element elementor-element-61dae79 elementor-widget elementor-widget-image\" data-id=\"61dae79\" data-element_type=\"widget\" data-widget_type=\"image.default\">\n\t\t\t\t<div class=\"elementor-widget-container\">\n\t\t\t\t\t\t\t\t\t\t\t\t\t\t\t<img decoding=\"async\" width=\"640\" height=\"360\" src=\"https:\/\/caritasrosario.com.ar\/inicio\/wp-content\/uploads\/2024\/12\/EV1-1024x576.jpg\" class=\"attachment-large size-large wp-image-15618\" alt=\"\" srcset=\"https:\/\/caritasrosario.com.ar\/inicio\/wp-content\/uploads\/2024\/12\/EV1-1024x576.jpg 1024w, https:\/\/caritasrosario.com.ar\/inicio\/wp-content\/uploads\/2024\/12\/EV1-300x169.jpg 300w, https:\/\/caritasrosario.com.ar\/inicio\/wp-content\/uploads\/2024\/12\/EV1-768x432.jpg 768w, https:\/\/caritasrosario.com.ar\/inicio\/wp-content\/uploads\/2024\/12\/EV1.jpg 1079w\" sizes=\"(max-width: 640px) 100vw, 640px\" \/>\t\t\t\t\t\t\t\t\t\t\t\t\t\t\t<\/div>\n\t\t\t\t<\/div>\n\t\t\t\t\t<\/div>\n\t\t<\/div>\n\t\t\t\t\t<\/div>\n\t\t<\/section>\n\t\t\t\t<\/div>\n\t\t","protected":false},"excerpt":{"rendered":"<p>\u00a0Encuentro Anual Voluntarios C\u00e1ritas Parroquiales. S\u00e1bado 7 de diciembre.Comenzamos la jornada celebrando la Santa Misa en Acci\u00f3n de Gracias en la Bas\u00edlica &#8220;Ntra. Sra. de Lourdes&#8221;, luego peregrinamos hasta la sede de C\u00e1ritas para compartir el resto del encuentro con la Feria de Emprendedores de @ecosol.caritasrosario, almuerzo, charlas y abrazos despu\u00e9s de un nuevo a\u00f1o&#8230;<\/p>\n","protected":false},"author":4,"featured_media":15615,"comment_status":"open","ping_status":"open","sticky":false,"template":"","format":"standard","meta":{"footnotes":""},"categories":[1],"tags":[],"class_list":["post-15613","post","type-post","status-publish","format-standard","has-post-thumbnail","hentry","category-sin-categoria"],"yoast_head":"<!-- This site is optimized with the Yoast SEO plugin v27.5 - https:\/\/yoast.com\/product\/yoast-seo-wordpress\/ -->\n<title>Encuentro Anual Voluntarios C\u00e1ritas - Caritas Rosario<\/title>\n<meta name=\"robots\" content=\"index, follow, max-snippet:-1, max-image-preview:large, max-video-preview:-1\" \/>\n<link rel=\"canonical\" href=\"https:\/\/caritasrosario.com.ar\/inicio\/encuentro-anual-voluntarios-caritas\/\" \/>\n<meta property=\"og:locale\" content=\"es_ES\" \/>\n<meta property=\"og:type\" content=\"article\" \/>\n<meta property=\"og:title\" content=\"Encuentro Anual Voluntarios C\u00e1ritas - Caritas Rosario\" \/>\n<meta property=\"og:description\" content=\"\u00a0Encuentro Anual Voluntarios C\u00e1ritas Parroquiales. S\u00e1bado 7 de diciembre.Comenzamos la jornada celebrando la Santa Misa en Acci\u00f3n de Gracias en la Bas\u00edlica &#8220;Ntra. Sra. de Lourdes&#8221;, luego peregrinamos hasta la sede de C\u00e1ritas para compartir el resto del encuentro con la Feria de Emprendedores de @ecosol.caritasrosario, almuerzo, charlas y abrazos despu\u00e9s de un nuevo a\u00f1o...\" \/>\n<meta property=\"og:url\" content=\"https:\/\/caritasrosario.com.ar\/inicio\/encuentro-anual-voluntarios-caritas\/\" \/>\n<meta property=\"og:site_name\" content=\"Caritas Rosario\" \/>\n<meta property=\"article:published_time\" content=\"2024-12-09T13:04:45+00:00\" \/>\n<meta property=\"article:modified_time\" content=\"2024-12-09T13:06:04+00:00\" \/>\n<meta property=\"og:image\" content=\"https:\/\/caritasrosario.com.ar\/inicio\/wp-content\/uploads\/2024\/12\/WhatsApp-Image-2024-12-09-at-09.46.26.jpeg\" \/>\n\t<meta property=\"og:image:width\" content=\"1600\" \/>\n\t<meta property=\"og:image:height\" content=\"900\" \/>\n\t<meta property=\"og:image:type\" content=\"image\/jpeg\" \/>\n<meta name=\"author\" content=\"Erica o\" \/>\n<meta name=\"twitter:card\" content=\"summary_large_image\" \/>\n<meta name=\"twitter:label1\" content=\"Escrito por\" \/>\n\t<meta name=\"twitter:data1\" content=\"Erica o\" \/>\n\t<meta name=\"twitter:label2\" content=\"Tiempo de lectura\" \/>\n\t<meta name=\"twitter:data2\" content=\"1 minuto\" \/>\n<script type=\"application\/ld+json\" class=\"yoast-schema-graph\">{\"@context\":\"https:\\\/\\\/schema.org\",\"@graph\":[{\"@type\":\"Article\",\"@id\":\"https:\\\/\\\/caritasrosario.com.ar\\\/inicio\\\/encuentro-anual-voluntarios-caritas\\\/#article\",\"isPartOf\":{\"@id\":\"https:\\\/\\\/caritasrosario.com.ar\\\/inicio\\\/encuentro-anual-voluntarios-caritas\\\/\"},\"author\":{\"name\":\"Erica o\",\"@id\":\"https:\\\/\\\/caritasrosario.com.ar\\\/inicio\\\/#\\\/schema\\\/person\\\/1498a1a7ced8fce2994e77af7e614371\"},\"headline\":\"Encuentro Anual Voluntarios C\u00e1ritas\",\"datePublished\":\"2024-12-09T13:04:45+00:00\",\"dateModified\":\"2024-12-09T13:06:04+00:00\",\"mainEntityOfPage\":{\"@id\":\"https:\\\/\\\/caritasrosario.com.ar\\\/inicio\\\/encuentro-anual-voluntarios-caritas\\\/\"},\"wordCount\":85,\"commentCount\":0,\"publisher\":{\"@id\":\"https:\\\/\\\/caritasrosario.com.ar\\\/inicio\\\/#organization\"},\"image\":{\"@id\":\"https:\\\/\\\/caritasrosario.com.ar\\\/inicio\\\/encuentro-anual-voluntarios-caritas\\\/#primaryimage\"},\"thumbnailUrl\":\"https:\\\/\\\/caritasrosario.com.ar\\\/inicio\\\/wp-content\\\/uploads\\\/2024\\\/12\\\/WhatsApp-Image-2024-12-09-at-09.46.26.jpeg\",\"inLanguage\":\"es\",\"potentialAction\":[{\"@type\":\"CommentAction\",\"name\":\"Comment\",\"target\":[\"https:\\\/\\\/caritasrosario.com.ar\\\/inicio\\\/encuentro-anual-voluntarios-caritas\\\/#respond\"]}]},{\"@type\":\"WebPage\",\"@id\":\"https:\\\/\\\/caritasrosario.com.ar\\\/inicio\\\/encuentro-anual-voluntarios-caritas\\\/\",\"url\":\"https:\\\/\\\/caritasrosario.com.ar\\\/inicio\\\/encuentro-anual-voluntarios-caritas\\\/\",\"name\":\"Encuentro Anual Voluntarios C\u00e1ritas - Caritas Rosario\",\"isPartOf\":{\"@id\":\"https:\\\/\\\/caritasrosario.com.ar\\\/inicio\\\/#website\"},\"primaryImageOfPage\":{\"@id\":\"https:\\\/\\\/caritasrosario.com.ar\\\/inicio\\\/encuentro-anual-voluntarios-caritas\\\/#primaryimage\"},\"image\":{\"@id\":\"https:\\\/\\\/caritasrosario.com.ar\\\/inicio\\\/encuentro-anual-voluntarios-caritas\\\/#primaryimage\"},\"thumbnailUrl\":\"https:\\\/\\\/caritasrosario.com.ar\\\/inicio\\\/wp-content\\\/uploads\\\/2024\\\/12\\\/WhatsApp-Image-2024-12-09-at-09.46.26.jpeg\",\"datePublished\":\"2024-12-09T13:04:45+00:00\",\"dateModified\":\"2024-12-09T13:06:04+00:00\",\"breadcrumb\":{\"@id\":\"https:\\\/\\\/caritasrosario.com.ar\\\/inicio\\\/encuentro-anual-voluntarios-caritas\\\/#breadcrumb\"},\"inLanguage\":\"es\",\"potentialAction\":[{\"@type\":\"ReadAction\",\"target\":[\"https:\\\/\\\/caritasrosario.com.ar\\\/inicio\\\/encuentro-anual-voluntarios-caritas\\\/\"]}]},{\"@type\":\"ImageObject\",\"inLanguage\":\"es\",\"@id\":\"https:\\\/\\\/caritasrosario.com.ar\\\/inicio\\\/encuentro-anual-voluntarios-caritas\\\/#primaryimage\",\"url\":\"https:\\\/\\\/caritasrosario.com.ar\\\/inicio\\\/wp-content\\\/uploads\\\/2024\\\/12\\\/WhatsApp-Image-2024-12-09-at-09.46.26.jpeg\",\"contentUrl\":\"https:\\\/\\\/caritasrosario.com.ar\\\/inicio\\\/wp-content\\\/uploads\\\/2024\\\/12\\\/WhatsApp-Image-2024-12-09-at-09.46.26.jpeg\",\"width\":1600,\"height\":900},{\"@type\":\"BreadcrumbList\",\"@id\":\"https:\\\/\\\/caritasrosario.com.ar\\\/inicio\\\/encuentro-anual-voluntarios-caritas\\\/#breadcrumb\",\"itemListElement\":[{\"@type\":\"ListItem\",\"position\":1,\"name\":\"Portada\",\"item\":\"https:\\\/\\\/caritasrosario.com.ar\\\/inicio\\\/\"},{\"@type\":\"ListItem\",\"position\":2,\"name\":\"Encuentro Anual Voluntarios C\u00e1ritas\"}]},{\"@type\":\"WebSite\",\"@id\":\"https:\\\/\\\/caritasrosario.com.ar\\\/inicio\\\/#website\",\"url\":\"https:\\\/\\\/caritasrosario.com.ar\\\/inicio\\\/\",\"name\":\"Caritas Rosario\",\"description\":\"Bienvenidos\",\"publisher\":{\"@id\":\"https:\\\/\\\/caritasrosario.com.ar\\\/inicio\\\/#organization\"},\"potentialAction\":[{\"@type\":\"SearchAction\",\"target\":{\"@type\":\"EntryPoint\",\"urlTemplate\":\"https:\\\/\\\/caritasrosario.com.ar\\\/inicio\\\/?s={search_term_string}\"},\"query-input\":{\"@type\":\"PropertyValueSpecification\",\"valueRequired\":true,\"valueName\":\"search_term_string\"}}],\"inLanguage\":\"es\"},{\"@type\":\"Organization\",\"@id\":\"https:\\\/\\\/caritasrosario.com.ar\\\/inicio\\\/#organization\",\"name\":\"Caritas Rosario\",\"url\":\"https:\\\/\\\/caritasrosario.com.ar\\\/inicio\\\/\",\"logo\":{\"@type\":\"ImageObject\",\"inLanguage\":\"es\",\"@id\":\"https:\\\/\\\/caritasrosario.com.ar\\\/inicio\\\/#\\\/schema\\\/logo\\\/image\\\/\",\"url\":\"https:\\\/\\\/caritasrosario.com.ar\\\/inicio\\\/wp-content\\\/uploads\\\/2021\\\/04\\\/cropped-cropped-caritas.png\",\"contentUrl\":\"https:\\\/\\\/caritasrosario.com.ar\\\/inicio\\\/wp-content\\\/uploads\\\/2021\\\/04\\\/cropped-cropped-caritas.png\",\"width\":166,\"height\":199,\"caption\":\"Caritas Rosario\"},\"image\":{\"@id\":\"https:\\\/\\\/caritasrosario.com.ar\\\/inicio\\\/#\\\/schema\\\/logo\\\/image\\\/\"}},{\"@type\":\"Person\",\"@id\":\"https:\\\/\\\/caritasrosario.com.ar\\\/inicio\\\/#\\\/schema\\\/person\\\/1498a1a7ced8fce2994e77af7e614371\",\"name\":\"Erica o\",\"image\":{\"@type\":\"ImageObject\",\"inLanguage\":\"es\",\"@id\":\"https:\\\/\\\/secure.gravatar.com\\\/avatar\\\/fa3f35ca7d5ff64bb894ecfd28022e56fafb787898bf9c8c79ecdb6ae643e953?s=96&d=mm&r=g\",\"url\":\"https:\\\/\\\/secure.gravatar.com\\\/avatar\\\/fa3f35ca7d5ff64bb894ecfd28022e56fafb787898bf9c8c79ecdb6ae643e953?s=96&d=mm&r=g\",\"contentUrl\":\"https:\\\/\\\/secure.gravatar.com\\\/avatar\\\/fa3f35ca7d5ff64bb894ecfd28022e56fafb787898bf9c8c79ecdb6ae643e953?s=96&d=mm&r=g\",\"caption\":\"Erica o\"},\"url\":\"https:\\\/\\\/caritasrosario.com.ar\\\/inicio\\\/author\\\/erica\\\/\"}]}<\/script>\n<!-- \/ Yoast SEO plugin. -->","yoast_head_json":{"title":"Encuentro Anual Voluntarios C\u00e1ritas - Caritas Rosario","robots":{"index":"index","follow":"follow","max-snippet":"max-snippet:-1","max-image-preview":"max-image-preview:large","max-video-preview":"max-video-preview:-1"},"canonical":"https:\/\/caritasrosario.com.ar\/inicio\/encuentro-anual-voluntarios-caritas\/","og_locale":"es_ES","og_type":"article","og_title":"Encuentro Anual Voluntarios C\u00e1ritas - Caritas Rosario","og_description":"\u00a0Encuentro Anual Voluntarios C\u00e1ritas Parroquiales. S\u00e1bado 7 de diciembre.Comenzamos la jornada celebrando la Santa Misa en Acci\u00f3n de Gracias en la Bas\u00edlica &#8220;Ntra. Sra. de Lourdes&#8221;, luego peregrinamos hasta la sede de C\u00e1ritas para compartir el resto del encuentro con la Feria de Emprendedores de @ecosol.caritasrosario, almuerzo, charlas y abrazos despu\u00e9s de un nuevo a\u00f1o...","og_url":"https:\/\/caritasrosario.com.ar\/inicio\/encuentro-anual-voluntarios-caritas\/","og_site_name":"Caritas Rosario","article_published_time":"2024-12-09T13:04:45+00:00","article_modified_time":"2024-12-09T13:06:04+00:00","og_image":[{"width":1600,"height":900,"url":"https:\/\/caritasrosario.com.ar\/inicio\/wp-content\/uploads\/2024\/12\/WhatsApp-Image-2024-12-09-at-09.46.26.jpeg","type":"image\/jpeg"}],"author":"Erica o","twitter_card":"summary_large_image","twitter_misc":{"Escrito por":"Erica o","Tiempo de lectura":"1 minuto"},"schema":{"@context":"https:\/\/schema.org","@graph":[{"@type":"Article","@id":"https:\/\/caritasrosario.com.ar\/inicio\/encuentro-anual-voluntarios-caritas\/#article","isPartOf":{"@id":"https:\/\/caritasrosario.com.ar\/inicio\/encuentro-anual-voluntarios-caritas\/"},"author":{"name":"Erica o","@id":"https:\/\/caritasrosario.com.ar\/inicio\/#\/schema\/person\/1498a1a7ced8fce2994e77af7e614371"},"headline":"Encuentro Anual Voluntarios C\u00e1ritas","datePublished":"2024-12-09T13:04:45+00:00","dateModified":"2024-12-09T13:06:04+00:00","mainEntityOfPage":{"@id":"https:\/\/caritasrosario.com.ar\/inicio\/encuentro-anual-voluntarios-caritas\/"},"wordCount":85,"commentCount":0,"publisher":{"@id":"https:\/\/caritasrosario.com.ar\/inicio\/#organization"},"image":{"@id":"https:\/\/caritasrosario.com.ar\/inicio\/encuentro-anual-voluntarios-caritas\/#primaryimage"},"thumbnailUrl":"https:\/\/caritasrosario.com.ar\/inicio\/wp-content\/uploads\/2024\/12\/WhatsApp-Image-2024-12-09-at-09.46.26.jpeg","inLanguage":"es","potentialAction":[{"@type":"CommentAction","name":"Comment","target":["https:\/\/caritasrosario.com.ar\/inicio\/encuentro-anual-voluntarios-caritas\/#respond"]}]},{"@type":"WebPage","@id":"https:\/\/caritasrosario.com.ar\/inicio\/encuentro-anual-voluntarios-caritas\/","url":"https:\/\/caritasrosario.com.ar\/inicio\/encuentro-anual-voluntarios-caritas\/","name":"Encuentro Anual Voluntarios C\u00e1ritas - Caritas Rosario","isPartOf":{"@id":"https:\/\/caritasrosario.com.ar\/inicio\/#website"},"primaryImageOfPage":{"@id":"https:\/\/caritasrosario.com.ar\/inicio\/encuentro-anual-voluntarios-caritas\/#primaryimage"},"image":{"@id":"https:\/\/caritasrosario.com.ar\/inicio\/encuentro-anual-voluntarios-caritas\/#primaryimage"},"thumbnailUrl":"https:\/\/caritasrosario.com.ar\/inicio\/wp-content\/uploads\/2024\/12\/WhatsApp-Image-2024-12-09-at-09.46.26.jpeg","datePublished":"2024-12-09T13:04:45+00:00","dateModified":"2024-12-09T13:06:04+00:00","breadcrumb":{"@id":"https:\/\/caritasrosario.com.ar\/inicio\/encuentro-anual-voluntarios-caritas\/#breadcrumb"},"inLanguage":"es","potentialAction":[{"@type":"ReadAction","target":["https:\/\/caritasrosario.com.ar\/inicio\/encuentro-anual-voluntarios-caritas\/"]}]},{"@type":"ImageObject","inLanguage":"es","@id":"https:\/\/caritasrosario.com.ar\/inicio\/encuentro-anual-voluntarios-caritas\/#primaryimage","url":"https:\/\/caritasrosario.com.ar\/inicio\/wp-content\/uploads\/2024\/12\/WhatsApp-Image-2024-12-09-at-09.46.26.jpeg","contentUrl":"https:\/\/caritasrosario.com.ar\/inicio\/wp-content\/uploads\/2024\/12\/WhatsApp-Image-2024-12-09-at-09.46.26.jpeg","width":1600,"height":900},{"@type":"BreadcrumbList","@id":"https:\/\/caritasrosario.com.ar\/inicio\/encuentro-anual-voluntarios-caritas\/#breadcrumb","itemListElement":[{"@type":"ListItem","position":1,"name":"Portada","item":"https:\/\/caritasrosario.com.ar\/inicio\/"},{"@type":"ListItem","position":2,"name":"Encuentro Anual Voluntarios C\u00e1ritas"}]},{"@type":"WebSite","@id":"https:\/\/caritasrosario.com.ar\/inicio\/#website","url":"https:\/\/caritasrosario.com.ar\/inicio\/","name":"Caritas Rosario","description":"Bienvenidos","publisher":{"@id":"https:\/\/caritasrosario.com.ar\/inicio\/#organization"},"potentialAction":[{"@type":"SearchAction","target":{"@type":"EntryPoint","urlTemplate":"https:\/\/caritasrosario.com.ar\/inicio\/?s={search_term_string}"},"query-input":{"@type":"PropertyValueSpecification","valueRequired":true,"valueName":"search_term_string"}}],"inLanguage":"es"},{"@type":"Organization","@id":"https:\/\/caritasrosario.com.ar\/inicio\/#organization","name":"Caritas Rosario","url":"https:\/\/caritasrosario.com.ar\/inicio\/","logo":{"@type":"ImageObject","inLanguage":"es","@id":"https:\/\/caritasrosario.com.ar\/inicio\/#\/schema\/logo\/image\/","url":"https:\/\/caritasrosario.com.ar\/inicio\/wp-content\/uploads\/2021\/04\/cropped-cropped-caritas.png","contentUrl":"https:\/\/caritasrosario.com.ar\/inicio\/wp-content\/uploads\/2021\/04\/cropped-cropped-caritas.png","width":166,"height":199,"caption":"Caritas Rosario"},"image":{"@id":"https:\/\/caritasrosario.com.ar\/inicio\/#\/schema\/logo\/image\/"}},{"@type":"Person","@id":"https:\/\/caritasrosario.com.ar\/inicio\/#\/schema\/person\/1498a1a7ced8fce2994e77af7e614371","name":"Erica o","image":{"@type":"ImageObject","inLanguage":"es","@id":"https:\/\/secure.gravatar.com\/avatar\/fa3f35ca7d5ff64bb894ecfd28022e56fafb787898bf9c8c79ecdb6ae643e953?s=96&d=mm&r=g","url":"https:\/\/secure.gravatar.com\/avatar\/fa3f35ca7d5ff64bb894ecfd28022e56fafb787898bf9c8c79ecdb6ae643e953?s=96&d=mm&r=g","contentUrl":"https:\/\/secure.gravatar.com\/avatar\/fa3f35ca7d5ff64bb894ecfd28022e56fafb787898bf9c8c79ecdb6ae643e953?s=96&d=mm&r=g","caption":"Erica o"},"url":"https:\/\/caritasrosario.com.ar\/inicio\/author\/erica\/"}]}},"_links":{"self":[{"href":"https:\/\/caritasrosario.com.ar\/inicio\/wp-json\/wp\/v2\/posts\/15613","targetHints":{"allow":["GET"]}}],"collection":[{"href":"https:\/\/caritasrosario.com.ar\/inicio\/wp-json\/wp\/v2\/posts"}],"about":[{"href":"https:\/\/caritasrosario.com.ar\/inicio\/wp-json\/wp\/v2\/types\/post"}],"author":[{"embeddable":true,"href":"https:\/\/caritasrosario.com.ar\/inicio\/wp-json\/wp\/v2\/users\/4"}],"replies":[{"embeddable":true,"href":"https:\/\/caritasrosario.com.ar\/inicio\/wp-json\/wp\/v2\/comments?post=15613"}],"version-history":[{"count":5,"href":"https:\/\/caritasrosario.com.ar\/inicio\/wp-json\/wp\/v2\/posts\/15613\/revisions"}],"predecessor-version":[{"id":15622,"href":"https:\/\/caritasrosario.com.ar\/inicio\/wp-json\/wp\/v2\/posts\/15613\/revisions\/15622"}],"wp:featuredmedia":[{"embeddable":true,"href":"https:\/\/caritasrosario.com.ar\/inicio\/wp-json\/wp\/v2\/media\/15615"}],"wp:attachment":[{"href":"https:\/\/caritasrosario.com.ar\/inicio\/wp-json\/wp\/v2\/media?parent=15613"}],"wp:term":[{"taxonomy":"category","embeddable":true,"href":"https:\/\/caritasrosario.com.ar\/inicio\/wp-json\/wp\/v2\/categories?post=15613"},{"taxonomy":"post_tag","embeddable":true,"href":"https:\/\/caritasrosario.com.ar\/inicio\/wp-json\/wp\/v2\/tags?post=15613"}],"curies":[{"name":"wp","href":"https:\/\/api.w.org\/{rel}","templated":true}]}}