{"id":15655,"date":"2025-02-17T14:46:35","date_gmt":"2025-02-17T14:46:35","guid":{"rendered":"https:\/\/caritasrosario.com.ar\/inicio\/?p=15655"},"modified":"2025-02-17T14:48:25","modified_gmt":"2025-02-17T14:48:25","slug":"retiro-anual-de-voluntarios-de-caritas-parroquiales","status":"publish","type":"post","link":"https:\/\/caritasrosario.com.ar\/inicio\/retiro-anual-de-voluntarios-de-caritas-parroquiales\/","title":{"rendered":"Retiro Anual de Voluntarios de C\u00e1ritas Parroquiales"},"content":{"rendered":"\t\t<div data-elementor-type=\"wp-post\" data-elementor-id=\"15655\" class=\"elementor elementor-15655\">\n\t\t\t\t\t\t<section class=\"elementor-section elementor-top-section elementor-element elementor-element-4d06895 elementor-section-boxed elementor-section-height-default elementor-section-height-default\" data-id=\"4d06895\" data-element_type=\"section\">\n\t\t\t\t\t\t<div class=\"elementor-container elementor-column-gap-default\">\n\t\t\t\t\t<div class=\"elementor-column elementor-col-100 elementor-top-column elementor-element elementor-element-5dd0f51\" data-id=\"5dd0f51\" data-element_type=\"column\">\n\t\t\t<div class=\"elementor-widget-wrap elementor-element-populated\">\n\t\t\t\t\t\t<div class=\"elementor-element elementor-element-d209e6f elementor-widget elementor-widget-text-editor\" data-id=\"d209e6f\" data-element_type=\"widget\" data-widget_type=\"text-editor.default\">\n\t\t\t\t<div class=\"elementor-widget-container\">\n\t\t\t\t\t\t\t\t\t<div class=\"xdj266r x11i5rnm xat24cr x1mh8g0r x1vvkbs x126k92a\"><div dir=\"auto\">Te invitamos a vivir un tiempo de encuentro, reflexi\u00f3n y oraci\u00f3n en nuestro Retiro Anual de Voluntarios de la Arquidi\u00f3cesis de Rosario. Una oportunidad para fortalecer nuestra misi\u00f3n y compartir juntos la alegr\u00eda del servicio.<\/div><\/div><div class=\"x11i5rnm xat24cr x1mh8g0r x1vvkbs xtlvy1s x126k92a\"><div dir=\"auto\"><span class=\"html-span xexx8yu x4uap5 x18d9i69 xkhd6sd x1hl2dhg x16tdsg8 x1vvkbs x3nfvp2 x1j61x8r x1fcty0u xdj266r xat24cr xgzva0m xhhsvwb xxymvpz xlup9mm x1kky2od\"><img decoding=\"async\" class=\"xz74otr\" src=\"https:\/\/static.xx.fbcdn.net\/images\/emoji.php\/v9\/t7e\/1\/16\/1f4c5.png\" alt=\"\ud83d\udcc5\" width=\"16\" height=\"16\" \/><\/span> Fecha: S\u00e1bado 22 de marzo<\/div><div dir=\"auto\"><span class=\"html-span xexx8yu x4uap5 x18d9i69 xkhd6sd x1hl2dhg x16tdsg8 x1vvkbs x3nfvp2 x1j61x8r x1fcty0u xdj266r xat24cr xgzva0m xhhsvwb xxymvpz xlup9mm x1kky2od\"><img decoding=\"async\" class=\"xz74otr\" src=\"https:\/\/static.xx.fbcdn.net\/images\/emoji.php\/v9\/tb0\/1\/16\/1f558.png\" alt=\"\ud83d\udd58\" width=\"16\" height=\"16\" \/><\/span> Horario: 8:45 a 12:30 hs<\/div><div dir=\"auto\"><span class=\"html-span xexx8yu x4uap5 x18d9i69 xkhd6sd x1hl2dhg x16tdsg8 x1vvkbs x3nfvp2 x1j61x8r x1fcty0u xdj266r xat24cr xgzva0m xhhsvwb xxymvpz xlup9mm x1kky2od\"><img decoding=\"async\" class=\"xz74otr\" src=\"https:\/\/static.xx.fbcdn.net\/images\/emoji.php\/v9\/t2d\/1\/16\/1f4cd.png\" alt=\"\ud83d\udccd\" width=\"16\" height=\"16\" \/><\/span> Lugar: Casa Pastoral -Bas\u00edlica Catedral &#8220;Ntra. Sra. del Rosario&#8221;, entrada por calle Santa Fe 630 -(Pje. Gregoria P\u00e9rez de Denis).<\/div><\/div><div class=\"x11i5rnm xat24cr x1mh8g0r x1vvkbs xtlvy1s x126k92a\"><div dir=\"auto\">\u00a1Esperamos contar con tu presencia!<\/div><div dir=\"auto\"><span class=\"html-span xexx8yu x4uap5 x18d9i69 xkhd6sd x1hl2dhg x16tdsg8 x1vvkbs x3nfvp2 x1j61x8r x1fcty0u xdj266r xat24cr xgzva0m xhhsvwb xxymvpz xlup9mm x1kky2od\"><img loading=\"lazy\" decoding=\"async\" class=\"xz74otr\" src=\"https:\/\/static.xx.fbcdn.net\/images\/emoji.php\/v9\/t6c\/1\/16\/1f499.png\" alt=\"\ud83d\udc99\" width=\"16\" height=\"16\" \/><\/span>&#8220;Con Mar\u00eda, peregrinos de la esperanza&#8221;<span class=\"html-span xexx8yu x4uap5 x18d9i69 xkhd6sd x1hl2dhg x16tdsg8 x1vvkbs x3nfvp2 x1j61x8r x1fcty0u xdj266r xat24cr xgzva0m xhhsvwb xxymvpz xlup9mm x1kky2od\"><img loading=\"lazy\" decoding=\"async\" class=\"xz74otr\" src=\"https:\/\/static.xx.fbcdn.net\/images\/emoji.php\/v9\/t6c\/1\/16\/1f499.png\" alt=\"\ud83d\udc99\" width=\"16\" height=\"16\" \/><\/span><\/div><\/div><div class=\"x11i5rnm xat24cr x1mh8g0r x1vvkbs xtlvy1s x126k92a\"><div dir=\"auto\"><span class=\"html-span xdj266r x11i5rnm xat24cr x1mh8g0r xexx8yu x4uap5 x18d9i69 xkhd6sd x1hl2dhg x16tdsg8 x1vvkbs\"><a class=\"x1i10hfl xjbqb8w x1ejq31n xd10rxx x1sy0etr x17r0tee x972fbf xcfux6l x1qhh985 xm0m39n x9f619 x1ypdohk xt0psk2 xe8uvvx xdj266r x11i5rnm xat24cr x1mh8g0r xexx8yu x4uap5 x18d9i69 xkhd6sd x16tdsg8 x1hl2dhg xggy1nq x1a2a7pz x1sur9pj xkrqix3 x1fey0fg x1s688f\" tabindex=\"0\" role=\"link\" href=\"https:\/\/www.facebook.com\/hashtag\/somoscaritasros?__eep__=6&amp;__cft__[0]=AZX8IhUYEG9sBHZo9qVPElEXjoVOCJREaIawcoCVyAt54nCpT3sNLeFRd_ZBuYcgQEg9oF6MG8rsKphMk8wUhQji8C--SGZslgt2JwQ6EtXAPJPnuk-1-WdjcZj13TmGNFeGznDAnk-16UPCbhcQpW5QIde59tLS3479mQKMuLorKir-mO1MZqv1V_IvqE_X4qA&amp;__tn__=*NK-R\">#somoscaritasros<\/a><\/span><\/div><div dir=\"auto\"><span class=\"html-span xdj266r x11i5rnm xat24cr x1mh8g0r xexx8yu x4uap5 x18d9i69 xkhd6sd x1hl2dhg x16tdsg8 x1vvkbs\"><a class=\"x1i10hfl xjbqb8w x1ejq31n xd10rxx x1sy0etr x17r0tee x972fbf xcfux6l x1qhh985 xm0m39n x9f619 x1ypdohk xt0psk2 xe8uvvx xdj266r x11i5rnm xat24cr x1mh8g0r xexx8yu x4uap5 x18d9i69 xkhd6sd x16tdsg8 x1hl2dhg xggy1nq x1a2a7pz x1sur9pj xkrqix3 x1fey0fg x1s688f\" tabindex=\"0\" role=\"link\" href=\"https:\/\/www.facebook.com\/hashtag\/somoscaritasarg?__eep__=6&amp;__cft__[0]=AZX8IhUYEG9sBHZo9qVPElEXjoVOCJREaIawcoCVyAt54nCpT3sNLeFRd_ZBuYcgQEg9oF6MG8rsKphMk8wUhQji8C--SGZslgt2JwQ6EtXAPJPnuk-1-WdjcZj13TmGNFeGznDAnk-16UPCbhcQpW5QIde59tLS3479mQKMuLorKir-mO1MZqv1V_IvqE_X4qA&amp;__tn__=*NK-R\">#somoscaritasarg<\/a><\/span><\/div><\/div>\t\t\t\t\t\t\t\t<\/div>\n\t\t\t\t<\/div>\n\t\t\t\t\t<\/div>\n\t\t<\/div>\n\t\t\t\t\t<\/div>\n\t\t<\/section>\n\t\t\t\t<\/div>\n\t\t","protected":false},"excerpt":{"rendered":"<p>Te invitamos a vivir un tiempo de encuentro, reflexi\u00f3n y oraci\u00f3n en nuestro Retiro Anual de Voluntarios de la Arquidi\u00f3cesis de Rosario. Una oportunidad para fortalecer nuestra misi\u00f3n y compartir juntos la alegr\u00eda del servicio. Fecha: S\u00e1bado 22 de marzo Horario: 8:45 a 12:30 hs Lugar: Casa Pastoral -Bas\u00edlica Catedral &#8220;Ntra. Sra. del Rosario&#8221;, entrada&#8230;<\/p>\n","protected":false},"author":4,"featured_media":15657,"comment_status":"open","ping_status":"open","sticky":false,"template":"","format":"standard","meta":{"footnotes":""},"categories":[1],"tags":[],"class_list":["post-15655","post","type-post","status-publish","format-standard","has-post-thumbnail","hentry","category-sin-categoria"],"yoast_head":"<!-- This site is optimized with the Yoast SEO plugin v27.5 - https:\/\/yoast.com\/product\/yoast-seo-wordpress\/ -->\n<title>Retiro Anual de Voluntarios de C\u00e1ritas Parroquiales - Caritas Rosario<\/title>\n<meta name=\"robots\" content=\"index, follow, max-snippet:-1, max-image-preview:large, max-video-preview:-1\" \/>\n<link rel=\"canonical\" href=\"https:\/\/caritasrosario.com.ar\/inicio\/retiro-anual-de-voluntarios-de-caritas-parroquiales\/\" \/>\n<meta property=\"og:locale\" content=\"es_ES\" \/>\n<meta property=\"og:type\" content=\"article\" \/>\n<meta property=\"og:title\" content=\"Retiro Anual de Voluntarios de C\u00e1ritas Parroquiales - Caritas Rosario\" \/>\n<meta property=\"og:description\" content=\"Te invitamos a vivir un tiempo de encuentro, reflexi\u00f3n y oraci\u00f3n en nuestro Retiro Anual de Voluntarios de la Arquidi\u00f3cesis de Rosario. Una oportunidad para fortalecer nuestra misi\u00f3n y compartir juntos la alegr\u00eda del servicio. Fecha: S\u00e1bado 22 de marzo Horario: 8:45 a 12:30 hs Lugar: Casa Pastoral -Bas\u00edlica Catedral &#8220;Ntra. Sra. del Rosario&#8221;, entrada...\" \/>\n<meta property=\"og:url\" content=\"https:\/\/caritasrosario.com.ar\/inicio\/retiro-anual-de-voluntarios-de-caritas-parroquiales\/\" \/>\n<meta property=\"og:site_name\" content=\"Caritas Rosario\" \/>\n<meta property=\"article:published_time\" content=\"2025-02-17T14:46:35+00:00\" \/>\n<meta property=\"article:modified_time\" content=\"2025-02-17T14:48:25+00:00\" \/>\n<meta property=\"og:image\" content=\"https:\/\/caritasrosario.com.ar\/inicio\/wp-content\/uploads\/2025\/02\/\u00a1AGENDAR-3.jpg\" \/>\n\t<meta property=\"og:image:width\" content=\"940\" \/>\n\t<meta property=\"og:image:height\" content=\"788\" \/>\n\t<meta property=\"og:image:type\" content=\"image\/jpeg\" \/>\n<meta name=\"author\" content=\"Erica o\" \/>\n<meta name=\"twitter:card\" content=\"summary_large_image\" \/>\n<meta name=\"twitter:label1\" content=\"Escrito por\" \/>\n\t<meta name=\"twitter:data1\" content=\"Erica o\" \/>\n\t<meta name=\"twitter:label2\" content=\"Tiempo de lectura\" \/>\n\t<meta name=\"twitter:data2\" content=\"2 minutos\" \/>\n<script type=\"application\/ld+json\" class=\"yoast-schema-graph\">{\"@context\":\"https:\\\/\\\/schema.org\",\"@graph\":[{\"@type\":\"Article\",\"@id\":\"https:\\\/\\\/caritasrosario.com.ar\\\/inicio\\\/retiro-anual-de-voluntarios-de-caritas-parroquiales\\\/#article\",\"isPartOf\":{\"@id\":\"https:\\\/\\\/caritasrosario.com.ar\\\/inicio\\\/retiro-anual-de-voluntarios-de-caritas-parroquiales\\\/\"},\"author\":{\"name\":\"Erica o\",\"@id\":\"https:\\\/\\\/caritasrosario.com.ar\\\/inicio\\\/#\\\/schema\\\/person\\\/1498a1a7ced8fce2994e77af7e614371\"},\"headline\":\"Retiro Anual de Voluntarios de C\u00e1ritas Parroquiales\",\"datePublished\":\"2025-02-17T14:46:35+00:00\",\"dateModified\":\"2025-02-17T14:48:25+00:00\",\"mainEntityOfPage\":{\"@id\":\"https:\\\/\\\/caritasrosario.com.ar\\\/inicio\\\/retiro-anual-de-voluntarios-de-caritas-parroquiales\\\/\"},\"wordCount\":92,\"commentCount\":0,\"publisher\":{\"@id\":\"https:\\\/\\\/caritasrosario.com.ar\\\/inicio\\\/#organization\"},\"image\":{\"@id\":\"https:\\\/\\\/caritasrosario.com.ar\\\/inicio\\\/retiro-anual-de-voluntarios-de-caritas-parroquiales\\\/#primaryimage\"},\"thumbnailUrl\":\"https:\\\/\\\/caritasrosario.com.ar\\\/inicio\\\/wp-content\\\/uploads\\\/2025\\\/02\\\/\u00a1AGENDAR-3.jpg\",\"inLanguage\":\"es\",\"potentialAction\":[{\"@type\":\"CommentAction\",\"name\":\"Comment\",\"target\":[\"https:\\\/\\\/caritasrosario.com.ar\\\/inicio\\\/retiro-anual-de-voluntarios-de-caritas-parroquiales\\\/#respond\"]}]},{\"@type\":\"WebPage\",\"@id\":\"https:\\\/\\\/caritasrosario.com.ar\\\/inicio\\\/retiro-anual-de-voluntarios-de-caritas-parroquiales\\\/\",\"url\":\"https:\\\/\\\/caritasrosario.com.ar\\\/inicio\\\/retiro-anual-de-voluntarios-de-caritas-parroquiales\\\/\",\"name\":\"Retiro Anual de Voluntarios de C\u00e1ritas Parroquiales - Caritas Rosario\",\"isPartOf\":{\"@id\":\"https:\\\/\\\/caritasrosario.com.ar\\\/inicio\\\/#website\"},\"primaryImageOfPage\":{\"@id\":\"https:\\\/\\\/caritasrosario.com.ar\\\/inicio\\\/retiro-anual-de-voluntarios-de-caritas-parroquiales\\\/#primaryimage\"},\"image\":{\"@id\":\"https:\\\/\\\/caritasrosario.com.ar\\\/inicio\\\/retiro-anual-de-voluntarios-de-caritas-parroquiales\\\/#primaryimage\"},\"thumbnailUrl\":\"https:\\\/\\\/caritasrosario.com.ar\\\/inicio\\\/wp-content\\\/uploads\\\/2025\\\/02\\\/\u00a1AGENDAR-3.jpg\",\"datePublished\":\"2025-02-17T14:46:35+00:00\",\"dateModified\":\"2025-02-17T14:48:25+00:00\",\"breadcrumb\":{\"@id\":\"https:\\\/\\\/caritasrosario.com.ar\\\/inicio\\\/retiro-anual-de-voluntarios-de-caritas-parroquiales\\\/#breadcrumb\"},\"inLanguage\":\"es\",\"potentialAction\":[{\"@type\":\"ReadAction\",\"target\":[\"https:\\\/\\\/caritasrosario.com.ar\\\/inicio\\\/retiro-anual-de-voluntarios-de-caritas-parroquiales\\\/\"]}]},{\"@type\":\"ImageObject\",\"inLanguage\":\"es\",\"@id\":\"https:\\\/\\\/caritasrosario.com.ar\\\/inicio\\\/retiro-anual-de-voluntarios-de-caritas-parroquiales\\\/#primaryimage\",\"url\":\"https:\\\/\\\/caritasrosario.com.ar\\\/inicio\\\/wp-content\\\/uploads\\\/2025\\\/02\\\/\u00a1AGENDAR-3.jpg\",\"contentUrl\":\"https:\\\/\\\/caritasrosario.com.ar\\\/inicio\\\/wp-content\\\/uploads\\\/2025\\\/02\\\/\u00a1AGENDAR-3.jpg\",\"width\":940,\"height\":788},{\"@type\":\"BreadcrumbList\",\"@id\":\"https:\\\/\\\/caritasrosario.com.ar\\\/inicio\\\/retiro-anual-de-voluntarios-de-caritas-parroquiales\\\/#breadcrumb\",\"itemListElement\":[{\"@type\":\"ListItem\",\"position\":1,\"name\":\"Portada\",\"item\":\"https:\\\/\\\/caritasrosario.com.ar\\\/inicio\\\/\"},{\"@type\":\"ListItem\",\"position\":2,\"name\":\"Retiro Anual de Voluntarios de C\u00e1ritas Parroquiales\"}]},{\"@type\":\"WebSite\",\"@id\":\"https:\\\/\\\/caritasrosario.com.ar\\\/inicio\\\/#website\",\"url\":\"https:\\\/\\\/caritasrosario.com.ar\\\/inicio\\\/\",\"name\":\"Caritas Rosario\",\"description\":\"Bienvenidos\",\"publisher\":{\"@id\":\"https:\\\/\\\/caritasrosario.com.ar\\\/inicio\\\/#organization\"},\"potentialAction\":[{\"@type\":\"SearchAction\",\"target\":{\"@type\":\"EntryPoint\",\"urlTemplate\":\"https:\\\/\\\/caritasrosario.com.ar\\\/inicio\\\/?s={search_term_string}\"},\"query-input\":{\"@type\":\"PropertyValueSpecification\",\"valueRequired\":true,\"valueName\":\"search_term_string\"}}],\"inLanguage\":\"es\"},{\"@type\":\"Organization\",\"@id\":\"https:\\\/\\\/caritasrosario.com.ar\\\/inicio\\\/#organization\",\"name\":\"Caritas Rosario\",\"url\":\"https:\\\/\\\/caritasrosario.com.ar\\\/inicio\\\/\",\"logo\":{\"@type\":\"ImageObject\",\"inLanguage\":\"es\",\"@id\":\"https:\\\/\\\/caritasrosario.com.ar\\\/inicio\\\/#\\\/schema\\\/logo\\\/image\\\/\",\"url\":\"https:\\\/\\\/caritasrosario.com.ar\\\/inicio\\\/wp-content\\\/uploads\\\/2021\\\/04\\\/cropped-cropped-caritas.png\",\"contentUrl\":\"https:\\\/\\\/caritasrosario.com.ar\\\/inicio\\\/wp-content\\\/uploads\\\/2021\\\/04\\\/cropped-cropped-caritas.png\",\"width\":166,\"height\":199,\"caption\":\"Caritas Rosario\"},\"image\":{\"@id\":\"https:\\\/\\\/caritasrosario.com.ar\\\/inicio\\\/#\\\/schema\\\/logo\\\/image\\\/\"}},{\"@type\":\"Person\",\"@id\":\"https:\\\/\\\/caritasrosario.com.ar\\\/inicio\\\/#\\\/schema\\\/person\\\/1498a1a7ced8fce2994e77af7e614371\",\"name\":\"Erica o\",\"image\":{\"@type\":\"ImageObject\",\"inLanguage\":\"es\",\"@id\":\"https:\\\/\\\/secure.gravatar.com\\\/avatar\\\/fa3f35ca7d5ff64bb894ecfd28022e56fafb787898bf9c8c79ecdb6ae643e953?s=96&d=mm&r=g\",\"url\":\"https:\\\/\\\/secure.gravatar.com\\\/avatar\\\/fa3f35ca7d5ff64bb894ecfd28022e56fafb787898bf9c8c79ecdb6ae643e953?s=96&d=mm&r=g\",\"contentUrl\":\"https:\\\/\\\/secure.gravatar.com\\\/avatar\\\/fa3f35ca7d5ff64bb894ecfd28022e56fafb787898bf9c8c79ecdb6ae643e953?s=96&d=mm&r=g\",\"caption\":\"Erica o\"},\"url\":\"https:\\\/\\\/caritasrosario.com.ar\\\/inicio\\\/author\\\/erica\\\/\"}]}<\/script>\n<!-- \/ Yoast SEO plugin. -->","yoast_head_json":{"title":"Retiro Anual de Voluntarios de C\u00e1ritas Parroquiales - Caritas Rosario","robots":{"index":"index","follow":"follow","max-snippet":"max-snippet:-1","max-image-preview":"max-image-preview:large","max-video-preview":"max-video-preview:-1"},"canonical":"https:\/\/caritasrosario.com.ar\/inicio\/retiro-anual-de-voluntarios-de-caritas-parroquiales\/","og_locale":"es_ES","og_type":"article","og_title":"Retiro Anual de Voluntarios de C\u00e1ritas Parroquiales - Caritas Rosario","og_description":"Te invitamos a vivir un tiempo de encuentro, reflexi\u00f3n y oraci\u00f3n en nuestro Retiro Anual de Voluntarios de la Arquidi\u00f3cesis de Rosario. Una oportunidad para fortalecer nuestra misi\u00f3n y compartir juntos la alegr\u00eda del servicio. Fecha: S\u00e1bado 22 de marzo Horario: 8:45 a 12:30 hs Lugar: Casa Pastoral -Bas\u00edlica Catedral &#8220;Ntra. Sra. del Rosario&#8221;, entrada...","og_url":"https:\/\/caritasrosario.com.ar\/inicio\/retiro-anual-de-voluntarios-de-caritas-parroquiales\/","og_site_name":"Caritas Rosario","article_published_time":"2025-02-17T14:46:35+00:00","article_modified_time":"2025-02-17T14:48:25+00:00","og_image":[{"width":940,"height":788,"url":"https:\/\/caritasrosario.com.ar\/inicio\/wp-content\/uploads\/2025\/02\/\u00a1AGENDAR-3.jpg","type":"image\/jpeg"}],"author":"Erica o","twitter_card":"summary_large_image","twitter_misc":{"Escrito por":"Erica o","Tiempo de lectura":"2 minutos"},"schema":{"@context":"https:\/\/schema.org","@graph":[{"@type":"Article","@id":"https:\/\/caritasrosario.com.ar\/inicio\/retiro-anual-de-voluntarios-de-caritas-parroquiales\/#article","isPartOf":{"@id":"https:\/\/caritasrosario.com.ar\/inicio\/retiro-anual-de-voluntarios-de-caritas-parroquiales\/"},"author":{"name":"Erica o","@id":"https:\/\/caritasrosario.com.ar\/inicio\/#\/schema\/person\/1498a1a7ced8fce2994e77af7e614371"},"headline":"Retiro Anual de Voluntarios de C\u00e1ritas Parroquiales","datePublished":"2025-02-17T14:46:35+00:00","dateModified":"2025-02-17T14:48:25+00:00","mainEntityOfPage":{"@id":"https:\/\/caritasrosario.com.ar\/inicio\/retiro-anual-de-voluntarios-de-caritas-parroquiales\/"},"wordCount":92,"commentCount":0,"publisher":{"@id":"https:\/\/caritasrosario.com.ar\/inicio\/#organization"},"image":{"@id":"https:\/\/caritasrosario.com.ar\/inicio\/retiro-anual-de-voluntarios-de-caritas-parroquiales\/#primaryimage"},"thumbnailUrl":"https:\/\/caritasrosario.com.ar\/inicio\/wp-content\/uploads\/2025\/02\/\u00a1AGENDAR-3.jpg","inLanguage":"es","potentialAction":[{"@type":"CommentAction","name":"Comment","target":["https:\/\/caritasrosario.com.ar\/inicio\/retiro-anual-de-voluntarios-de-caritas-parroquiales\/#respond"]}]},{"@type":"WebPage","@id":"https:\/\/caritasrosario.com.ar\/inicio\/retiro-anual-de-voluntarios-de-caritas-parroquiales\/","url":"https:\/\/caritasrosario.com.ar\/inicio\/retiro-anual-de-voluntarios-de-caritas-parroquiales\/","name":"Retiro Anual de Voluntarios de C\u00e1ritas Parroquiales - Caritas Rosario","isPartOf":{"@id":"https:\/\/caritasrosario.com.ar\/inicio\/#website"},"primaryImageOfPage":{"@id":"https:\/\/caritasrosario.com.ar\/inicio\/retiro-anual-de-voluntarios-de-caritas-parroquiales\/#primaryimage"},"image":{"@id":"https:\/\/caritasrosario.com.ar\/inicio\/retiro-anual-de-voluntarios-de-caritas-parroquiales\/#primaryimage"},"thumbnailUrl":"https:\/\/caritasrosario.com.ar\/inicio\/wp-content\/uploads\/2025\/02\/\u00a1AGENDAR-3.jpg","datePublished":"2025-02-17T14:46:35+00:00","dateModified":"2025-02-17T14:48:25+00:00","breadcrumb":{"@id":"https:\/\/caritasrosario.com.ar\/inicio\/retiro-anual-de-voluntarios-de-caritas-parroquiales\/#breadcrumb"},"inLanguage":"es","potentialAction":[{"@type":"ReadAction","target":["https:\/\/caritasrosario.com.ar\/inicio\/retiro-anual-de-voluntarios-de-caritas-parroquiales\/"]}]},{"@type":"ImageObject","inLanguage":"es","@id":"https:\/\/caritasrosario.com.ar\/inicio\/retiro-anual-de-voluntarios-de-caritas-parroquiales\/#primaryimage","url":"https:\/\/caritasrosario.com.ar\/inicio\/wp-content\/uploads\/2025\/02\/\u00a1AGENDAR-3.jpg","contentUrl":"https:\/\/caritasrosario.com.ar\/inicio\/wp-content\/uploads\/2025\/02\/\u00a1AGENDAR-3.jpg","width":940,"height":788},{"@type":"BreadcrumbList","@id":"https:\/\/caritasrosario.com.ar\/inicio\/retiro-anual-de-voluntarios-de-caritas-parroquiales\/#breadcrumb","itemListElement":[{"@type":"ListItem","position":1,"name":"Portada","item":"https:\/\/caritasrosario.com.ar\/inicio\/"},{"@type":"ListItem","position":2,"name":"Retiro Anual de Voluntarios de C\u00e1ritas Parroquiales"}]},{"@type":"WebSite","@id":"https:\/\/caritasrosario.com.ar\/inicio\/#website","url":"https:\/\/caritasrosario.com.ar\/inicio\/","name":"Caritas Rosario","description":"Bienvenidos","publisher":{"@id":"https:\/\/caritasrosario.com.ar\/inicio\/#organization"},"potentialAction":[{"@type":"SearchAction","target":{"@type":"EntryPoint","urlTemplate":"https:\/\/caritasrosario.com.ar\/inicio\/?s={search_term_string}"},"query-input":{"@type":"PropertyValueSpecification","valueRequired":true,"valueName":"search_term_string"}}],"inLanguage":"es"},{"@type":"Organization","@id":"https:\/\/caritasrosario.com.ar\/inicio\/#organization","name":"Caritas Rosario","url":"https:\/\/caritasrosario.com.ar\/inicio\/","logo":{"@type":"ImageObject","inLanguage":"es","@id":"https:\/\/caritasrosario.com.ar\/inicio\/#\/schema\/logo\/image\/","url":"https:\/\/caritasrosario.com.ar\/inicio\/wp-content\/uploads\/2021\/04\/cropped-cropped-caritas.png","contentUrl":"https:\/\/caritasrosario.com.ar\/inicio\/wp-content\/uploads\/2021\/04\/cropped-cropped-caritas.png","width":166,"height":199,"caption":"Caritas Rosario"},"image":{"@id":"https:\/\/caritasrosario.com.ar\/inicio\/#\/schema\/logo\/image\/"}},{"@type":"Person","@id":"https:\/\/caritasrosario.com.ar\/inicio\/#\/schema\/person\/1498a1a7ced8fce2994e77af7e614371","name":"Erica o","image":{"@type":"ImageObject","inLanguage":"es","@id":"https:\/\/secure.gravatar.com\/avatar\/fa3f35ca7d5ff64bb894ecfd28022e56fafb787898bf9c8c79ecdb6ae643e953?s=96&d=mm&r=g","url":"https:\/\/secure.gravatar.com\/avatar\/fa3f35ca7d5ff64bb894ecfd28022e56fafb787898bf9c8c79ecdb6ae643e953?s=96&d=mm&r=g","contentUrl":"https:\/\/secure.gravatar.com\/avatar\/fa3f35ca7d5ff64bb894ecfd28022e56fafb787898bf9c8c79ecdb6ae643e953?s=96&d=mm&r=g","caption":"Erica o"},"url":"https:\/\/caritasrosario.com.ar\/inicio\/author\/erica\/"}]}},"_links":{"self":[{"href":"https:\/\/caritasrosario.com.ar\/inicio\/wp-json\/wp\/v2\/posts\/15655","targetHints":{"allow":["GET"]}}],"collection":[{"href":"https:\/\/caritasrosario.com.ar\/inicio\/wp-json\/wp\/v2\/posts"}],"about":[{"href":"https:\/\/caritasrosario.com.ar\/inicio\/wp-json\/wp\/v2\/types\/post"}],"author":[{"embeddable":true,"href":"https:\/\/caritasrosario.com.ar\/inicio\/wp-json\/wp\/v2\/users\/4"}],"replies":[{"embeddable":true,"href":"https:\/\/caritasrosario.com.ar\/inicio\/wp-json\/wp\/v2\/comments?post=15655"}],"version-history":[{"count":4,"href":"https:\/\/caritasrosario.com.ar\/inicio\/wp-json\/wp\/v2\/posts\/15655\/revisions"}],"predecessor-version":[{"id":15660,"href":"https:\/\/caritasrosario.com.ar\/inicio\/wp-json\/wp\/v2\/posts\/15655\/revisions\/15660"}],"wp:featuredmedia":[{"embeddable":true,"href":"https:\/\/caritasrosario.com.ar\/inicio\/wp-json\/wp\/v2\/media\/15657"}],"wp:attachment":[{"href":"https:\/\/caritasrosario.com.ar\/inicio\/wp-json\/wp\/v2\/media?parent=15655"}],"wp:term":[{"taxonomy":"category","embeddable":true,"href":"https:\/\/caritasrosario.com.ar\/inicio\/wp-json\/wp\/v2\/categories?post=15655"},{"taxonomy":"post_tag","embeddable":true,"href":"https:\/\/caritasrosario.com.ar\/inicio\/wp-json\/wp\/v2\/tags?post=15655"}],"curies":[{"name":"wp","href":"https:\/\/api.w.org\/{rel}","templated":true}]}}