{"id":15661,"date":"2025-03-10T12:50:56","date_gmt":"2025-03-10T12:50:56","guid":{"rendered":"https:\/\/caritasrosario.com.ar\/inicio\/?p=15661"},"modified":"2025-03-10T12:55:47","modified_gmt":"2025-03-10T12:55:47","slug":"emergencia-en-bahia-blanca","status":"publish","type":"post","link":"https:\/\/caritasrosario.com.ar\/inicio\/emergencia-en-bahia-blanca\/","title":{"rendered":"EMERGENCIA EN BAH\u00cdA BLANCA"},"content":{"rendered":"\t\t<div data-elementor-type=\"wp-post\" data-elementor-id=\"15661\" class=\"elementor elementor-15661\">\n\t\t\t\t\t\t<section class=\"elementor-section elementor-top-section elementor-element elementor-element-d1f2592 elementor-section-boxed elementor-section-height-default elementor-section-height-default\" data-id=\"d1f2592\" data-element_type=\"section\">\n\t\t\t\t\t\t<div class=\"elementor-container elementor-column-gap-default\">\n\t\t\t\t\t<div class=\"elementor-column elementor-col-100 elementor-top-column elementor-element elementor-element-903006a\" data-id=\"903006a\" data-element_type=\"column\">\n\t\t\t<div class=\"elementor-widget-wrap elementor-element-populated\">\n\t\t\t\t\t\t<div class=\"elementor-element elementor-element-9499bc1 elementor-widget elementor-widget-text-editor\" data-id=\"9499bc1\" data-element_type=\"widget\" data-widget_type=\"text-editor.default\">\n\t\t\t\t<div class=\"elementor-widget-container\">\n\t\t\t\t\t\t\t\t\t<p>-La ayuda que m\u00e1s ayuda es la que se organiza-.<\/p><p>Tanto desde C\u00e1ritas Argentina, C\u00e1ritas Bah\u00eda Blanca y las distintas C\u00e1ritas de las Di\u00f3cesis cercanas, est\u00e1n trabajando para asistir las necesidades urgentes de las familias y comunidades afectadas por el temporal.<\/p><p>En medio de esta emergencia, tu aporte es una ayuda invaluable para quienes han perdido todo.<\/p><p>Se encuentran habilitadas dos v\u00edas de recaudaci\u00f3n (cuenta de C\u00e1ritas Bah\u00eda Blanca y p\u00e1gina de C\u00e1ritas Nacional)<\/p><p>\u25aa C\u00e1ritas Argentina, por cualquier medio de pago: https:\/\/caritas.org.ar\/emergencia\/ <br \/>\u25aa C\u00e1ritas Bah\u00eda Blanca , transferencia bancaria: <br \/>Titular: CARITAS ARQUIDIOCESANA BB<br \/>Numero de Cuenta: 6228-73524\/3 <br \/>CBU: 0140479501622807352431<br \/>Banco de la Provincia de Buenos Aires<br \/>Alias: Caritas.B.Bca. (con el punto al final)<\/p>\t\t\t\t\t\t\t\t<\/div>\n\t\t\t\t<\/div>\n\t\t\t\t\t<\/div>\n\t\t<\/div>\n\t\t\t\t\t<\/div>\n\t\t<\/section>\n\t\t\t\t<\/div>\n\t\t","protected":false},"excerpt":{"rendered":"<p>-La ayuda que m\u00e1s ayuda es la que se organiza-. Tanto desde C\u00e1ritas Argentina, C\u00e1ritas Bah\u00eda Blanca y las distintas C\u00e1ritas de las Di\u00f3cesis cercanas, est\u00e1n trabajando para asistir las necesidades urgentes de las familias y comunidades afectadas por el temporal. En medio de esta emergencia, tu aporte es una ayuda invaluable para quienes han&#8230;<\/p>\n","protected":false},"author":4,"featured_media":15663,"comment_status":"open","ping_status":"open","sticky":false,"template":"","format":"standard","meta":{"footnotes":""},"categories":[1],"tags":[],"class_list":["post-15661","post","type-post","status-publish","format-standard","has-post-thumbnail","hentry","category-sin-categoria"],"yoast_head":"<!-- This site is optimized with the Yoast SEO plugin v27.5 - https:\/\/yoast.com\/product\/yoast-seo-wordpress\/ -->\n<title>EMERGENCIA EN BAH\u00cdA BLANCA - Caritas Rosario<\/title>\n<meta name=\"robots\" content=\"index, follow, max-snippet:-1, max-image-preview:large, max-video-preview:-1\" \/>\n<link rel=\"canonical\" href=\"https:\/\/caritasrosario.com.ar\/inicio\/emergencia-en-bahia-blanca\/\" \/>\n<meta property=\"og:locale\" content=\"es_ES\" \/>\n<meta property=\"og:type\" content=\"article\" \/>\n<meta property=\"og:title\" content=\"EMERGENCIA EN BAH\u00cdA BLANCA - Caritas Rosario\" \/>\n<meta property=\"og:description\" content=\"-La ayuda que m\u00e1s ayuda es la que se organiza-. Tanto desde C\u00e1ritas Argentina, C\u00e1ritas Bah\u00eda Blanca y las distintas C\u00e1ritas de las Di\u00f3cesis cercanas, est\u00e1n trabajando para asistir las necesidades urgentes de las familias y comunidades afectadas por el temporal. En medio de esta emergencia, tu aporte es una ayuda invaluable para quienes han...\" \/>\n<meta property=\"og:url\" content=\"https:\/\/caritasrosario.com.ar\/inicio\/emergencia-en-bahia-blanca\/\" \/>\n<meta property=\"og:site_name\" content=\"Caritas Rosario\" \/>\n<meta property=\"article:published_time\" content=\"2025-03-10T12:50:56+00:00\" \/>\n<meta property=\"article:modified_time\" content=\"2025-03-10T12:55:47+00:00\" \/>\n<meta property=\"og:image\" content=\"https:\/\/caritasrosario.com.ar\/inicio\/wp-content\/uploads\/2025\/03\/WhatsApp-Image-2025-03-10-at-08.12.02.jpeg\" \/>\n\t<meta property=\"og:image:width\" content=\"940\" \/>\n\t<meta property=\"og:image:height\" content=\"788\" \/>\n\t<meta property=\"og:image:type\" content=\"image\/jpeg\" \/>\n<meta name=\"author\" content=\"Erica o\" \/>\n<meta name=\"twitter:card\" content=\"summary_large_image\" \/>\n<meta name=\"twitter:label1\" content=\"Escrito por\" \/>\n\t<meta name=\"twitter:data1\" content=\"Erica o\" \/>\n\t<meta name=\"twitter:label2\" content=\"Tiempo de lectura\" \/>\n\t<meta name=\"twitter:data2\" content=\"1 minuto\" \/>\n<script type=\"application\/ld+json\" class=\"yoast-schema-graph\">{\"@context\":\"https:\\\/\\\/schema.org\",\"@graph\":[{\"@type\":\"Article\",\"@id\":\"https:\\\/\\\/caritasrosario.com.ar\\\/inicio\\\/emergencia-en-bahia-blanca\\\/#article\",\"isPartOf\":{\"@id\":\"https:\\\/\\\/caritasrosario.com.ar\\\/inicio\\\/emergencia-en-bahia-blanca\\\/\"},\"author\":{\"name\":\"Erica o\",\"@id\":\"https:\\\/\\\/caritasrosario.com.ar\\\/inicio\\\/#\\\/schema\\\/person\\\/1498a1a7ced8fce2994e77af7e614371\"},\"headline\":\"EMERGENCIA EN BAH\u00cdA BLANCA\",\"datePublished\":\"2025-03-10T12:50:56+00:00\",\"dateModified\":\"2025-03-10T12:55:47+00:00\",\"mainEntityOfPage\":{\"@id\":\"https:\\\/\\\/caritasrosario.com.ar\\\/inicio\\\/emergencia-en-bahia-blanca\\\/\"},\"wordCount\":139,\"commentCount\":0,\"publisher\":{\"@id\":\"https:\\\/\\\/caritasrosario.com.ar\\\/inicio\\\/#organization\"},\"image\":{\"@id\":\"https:\\\/\\\/caritasrosario.com.ar\\\/inicio\\\/emergencia-en-bahia-blanca\\\/#primaryimage\"},\"thumbnailUrl\":\"https:\\\/\\\/caritasrosario.com.ar\\\/inicio\\\/wp-content\\\/uploads\\\/2025\\\/03\\\/WhatsApp-Image-2025-03-10-at-08.12.02.jpeg\",\"inLanguage\":\"es\",\"potentialAction\":[{\"@type\":\"CommentAction\",\"name\":\"Comment\",\"target\":[\"https:\\\/\\\/caritasrosario.com.ar\\\/inicio\\\/emergencia-en-bahia-blanca\\\/#respond\"]}]},{\"@type\":\"WebPage\",\"@id\":\"https:\\\/\\\/caritasrosario.com.ar\\\/inicio\\\/emergencia-en-bahia-blanca\\\/\",\"url\":\"https:\\\/\\\/caritasrosario.com.ar\\\/inicio\\\/emergencia-en-bahia-blanca\\\/\",\"name\":\"EMERGENCIA EN BAH\u00cdA BLANCA - Caritas Rosario\",\"isPartOf\":{\"@id\":\"https:\\\/\\\/caritasrosario.com.ar\\\/inicio\\\/#website\"},\"primaryImageOfPage\":{\"@id\":\"https:\\\/\\\/caritasrosario.com.ar\\\/inicio\\\/emergencia-en-bahia-blanca\\\/#primaryimage\"},\"image\":{\"@id\":\"https:\\\/\\\/caritasrosario.com.ar\\\/inicio\\\/emergencia-en-bahia-blanca\\\/#primaryimage\"},\"thumbnailUrl\":\"https:\\\/\\\/caritasrosario.com.ar\\\/inicio\\\/wp-content\\\/uploads\\\/2025\\\/03\\\/WhatsApp-Image-2025-03-10-at-08.12.02.jpeg\",\"datePublished\":\"2025-03-10T12:50:56+00:00\",\"dateModified\":\"2025-03-10T12:55:47+00:00\",\"breadcrumb\":{\"@id\":\"https:\\\/\\\/caritasrosario.com.ar\\\/inicio\\\/emergencia-en-bahia-blanca\\\/#breadcrumb\"},\"inLanguage\":\"es\",\"potentialAction\":[{\"@type\":\"ReadAction\",\"target\":[\"https:\\\/\\\/caritasrosario.com.ar\\\/inicio\\\/emergencia-en-bahia-blanca\\\/\"]}]},{\"@type\":\"ImageObject\",\"inLanguage\":\"es\",\"@id\":\"https:\\\/\\\/caritasrosario.com.ar\\\/inicio\\\/emergencia-en-bahia-blanca\\\/#primaryimage\",\"url\":\"https:\\\/\\\/caritasrosario.com.ar\\\/inicio\\\/wp-content\\\/uploads\\\/2025\\\/03\\\/WhatsApp-Image-2025-03-10-at-08.12.02.jpeg\",\"contentUrl\":\"https:\\\/\\\/caritasrosario.com.ar\\\/inicio\\\/wp-content\\\/uploads\\\/2025\\\/03\\\/WhatsApp-Image-2025-03-10-at-08.12.02.jpeg\",\"width\":940,\"height\":788},{\"@type\":\"BreadcrumbList\",\"@id\":\"https:\\\/\\\/caritasrosario.com.ar\\\/inicio\\\/emergencia-en-bahia-blanca\\\/#breadcrumb\",\"itemListElement\":[{\"@type\":\"ListItem\",\"position\":1,\"name\":\"Portada\",\"item\":\"https:\\\/\\\/caritasrosario.com.ar\\\/inicio\\\/\"},{\"@type\":\"ListItem\",\"position\":2,\"name\":\"EMERGENCIA EN BAH\u00cdA BLANCA\"}]},{\"@type\":\"WebSite\",\"@id\":\"https:\\\/\\\/caritasrosario.com.ar\\\/inicio\\\/#website\",\"url\":\"https:\\\/\\\/caritasrosario.com.ar\\\/inicio\\\/\",\"name\":\"Caritas Rosario\",\"description\":\"Bienvenidos\",\"publisher\":{\"@id\":\"https:\\\/\\\/caritasrosario.com.ar\\\/inicio\\\/#organization\"},\"potentialAction\":[{\"@type\":\"SearchAction\",\"target\":{\"@type\":\"EntryPoint\",\"urlTemplate\":\"https:\\\/\\\/caritasrosario.com.ar\\\/inicio\\\/?s={search_term_string}\"},\"query-input\":{\"@type\":\"PropertyValueSpecification\",\"valueRequired\":true,\"valueName\":\"search_term_string\"}}],\"inLanguage\":\"es\"},{\"@type\":\"Organization\",\"@id\":\"https:\\\/\\\/caritasrosario.com.ar\\\/inicio\\\/#organization\",\"name\":\"Caritas Rosario\",\"url\":\"https:\\\/\\\/caritasrosario.com.ar\\\/inicio\\\/\",\"logo\":{\"@type\":\"ImageObject\",\"inLanguage\":\"es\",\"@id\":\"https:\\\/\\\/caritasrosario.com.ar\\\/inicio\\\/#\\\/schema\\\/logo\\\/image\\\/\",\"url\":\"https:\\\/\\\/caritasrosario.com.ar\\\/inicio\\\/wp-content\\\/uploads\\\/2021\\\/04\\\/cropped-cropped-caritas.png\",\"contentUrl\":\"https:\\\/\\\/caritasrosario.com.ar\\\/inicio\\\/wp-content\\\/uploads\\\/2021\\\/04\\\/cropped-cropped-caritas.png\",\"width\":166,\"height\":199,\"caption\":\"Caritas Rosario\"},\"image\":{\"@id\":\"https:\\\/\\\/caritasrosario.com.ar\\\/inicio\\\/#\\\/schema\\\/logo\\\/image\\\/\"}},{\"@type\":\"Person\",\"@id\":\"https:\\\/\\\/caritasrosario.com.ar\\\/inicio\\\/#\\\/schema\\\/person\\\/1498a1a7ced8fce2994e77af7e614371\",\"name\":\"Erica o\",\"image\":{\"@type\":\"ImageObject\",\"inLanguage\":\"es\",\"@id\":\"https:\\\/\\\/secure.gravatar.com\\\/avatar\\\/fa3f35ca7d5ff64bb894ecfd28022e56fafb787898bf9c8c79ecdb6ae643e953?s=96&d=mm&r=g\",\"url\":\"https:\\\/\\\/secure.gravatar.com\\\/avatar\\\/fa3f35ca7d5ff64bb894ecfd28022e56fafb787898bf9c8c79ecdb6ae643e953?s=96&d=mm&r=g\",\"contentUrl\":\"https:\\\/\\\/secure.gravatar.com\\\/avatar\\\/fa3f35ca7d5ff64bb894ecfd28022e56fafb787898bf9c8c79ecdb6ae643e953?s=96&d=mm&r=g\",\"caption\":\"Erica o\"},\"url\":\"https:\\\/\\\/caritasrosario.com.ar\\\/inicio\\\/author\\\/erica\\\/\"}]}<\/script>\n<!-- \/ Yoast SEO plugin. -->","yoast_head_json":{"title":"EMERGENCIA EN BAH\u00cdA BLANCA - Caritas Rosario","robots":{"index":"index","follow":"follow","max-snippet":"max-snippet:-1","max-image-preview":"max-image-preview:large","max-video-preview":"max-video-preview:-1"},"canonical":"https:\/\/caritasrosario.com.ar\/inicio\/emergencia-en-bahia-blanca\/","og_locale":"es_ES","og_type":"article","og_title":"EMERGENCIA EN BAH\u00cdA BLANCA - Caritas Rosario","og_description":"-La ayuda que m\u00e1s ayuda es la que se organiza-. Tanto desde C\u00e1ritas Argentina, C\u00e1ritas Bah\u00eda Blanca y las distintas C\u00e1ritas de las Di\u00f3cesis cercanas, est\u00e1n trabajando para asistir las necesidades urgentes de las familias y comunidades afectadas por el temporal. En medio de esta emergencia, tu aporte es una ayuda invaluable para quienes han...","og_url":"https:\/\/caritasrosario.com.ar\/inicio\/emergencia-en-bahia-blanca\/","og_site_name":"Caritas Rosario","article_published_time":"2025-03-10T12:50:56+00:00","article_modified_time":"2025-03-10T12:55:47+00:00","og_image":[{"width":940,"height":788,"url":"https:\/\/caritasrosario.com.ar\/inicio\/wp-content\/uploads\/2025\/03\/WhatsApp-Image-2025-03-10-at-08.12.02.jpeg","type":"image\/jpeg"}],"author":"Erica o","twitter_card":"summary_large_image","twitter_misc":{"Escrito por":"Erica o","Tiempo de lectura":"1 minuto"},"schema":{"@context":"https:\/\/schema.org","@graph":[{"@type":"Article","@id":"https:\/\/caritasrosario.com.ar\/inicio\/emergencia-en-bahia-blanca\/#article","isPartOf":{"@id":"https:\/\/caritasrosario.com.ar\/inicio\/emergencia-en-bahia-blanca\/"},"author":{"name":"Erica o","@id":"https:\/\/caritasrosario.com.ar\/inicio\/#\/schema\/person\/1498a1a7ced8fce2994e77af7e614371"},"headline":"EMERGENCIA EN BAH\u00cdA BLANCA","datePublished":"2025-03-10T12:50:56+00:00","dateModified":"2025-03-10T12:55:47+00:00","mainEntityOfPage":{"@id":"https:\/\/caritasrosario.com.ar\/inicio\/emergencia-en-bahia-blanca\/"},"wordCount":139,"commentCount":0,"publisher":{"@id":"https:\/\/caritasrosario.com.ar\/inicio\/#organization"},"image":{"@id":"https:\/\/caritasrosario.com.ar\/inicio\/emergencia-en-bahia-blanca\/#primaryimage"},"thumbnailUrl":"https:\/\/caritasrosario.com.ar\/inicio\/wp-content\/uploads\/2025\/03\/WhatsApp-Image-2025-03-10-at-08.12.02.jpeg","inLanguage":"es","potentialAction":[{"@type":"CommentAction","name":"Comment","target":["https:\/\/caritasrosario.com.ar\/inicio\/emergencia-en-bahia-blanca\/#respond"]}]},{"@type":"WebPage","@id":"https:\/\/caritasrosario.com.ar\/inicio\/emergencia-en-bahia-blanca\/","url":"https:\/\/caritasrosario.com.ar\/inicio\/emergencia-en-bahia-blanca\/","name":"EMERGENCIA EN BAH\u00cdA BLANCA - Caritas Rosario","isPartOf":{"@id":"https:\/\/caritasrosario.com.ar\/inicio\/#website"},"primaryImageOfPage":{"@id":"https:\/\/caritasrosario.com.ar\/inicio\/emergencia-en-bahia-blanca\/#primaryimage"},"image":{"@id":"https:\/\/caritasrosario.com.ar\/inicio\/emergencia-en-bahia-blanca\/#primaryimage"},"thumbnailUrl":"https:\/\/caritasrosario.com.ar\/inicio\/wp-content\/uploads\/2025\/03\/WhatsApp-Image-2025-03-10-at-08.12.02.jpeg","datePublished":"2025-03-10T12:50:56+00:00","dateModified":"2025-03-10T12:55:47+00:00","breadcrumb":{"@id":"https:\/\/caritasrosario.com.ar\/inicio\/emergencia-en-bahia-blanca\/#breadcrumb"},"inLanguage":"es","potentialAction":[{"@type":"ReadAction","target":["https:\/\/caritasrosario.com.ar\/inicio\/emergencia-en-bahia-blanca\/"]}]},{"@type":"ImageObject","inLanguage":"es","@id":"https:\/\/caritasrosario.com.ar\/inicio\/emergencia-en-bahia-blanca\/#primaryimage","url":"https:\/\/caritasrosario.com.ar\/inicio\/wp-content\/uploads\/2025\/03\/WhatsApp-Image-2025-03-10-at-08.12.02.jpeg","contentUrl":"https:\/\/caritasrosario.com.ar\/inicio\/wp-content\/uploads\/2025\/03\/WhatsApp-Image-2025-03-10-at-08.12.02.jpeg","width":940,"height":788},{"@type":"BreadcrumbList","@id":"https:\/\/caritasrosario.com.ar\/inicio\/emergencia-en-bahia-blanca\/#breadcrumb","itemListElement":[{"@type":"ListItem","position":1,"name":"Portada","item":"https:\/\/caritasrosario.com.ar\/inicio\/"},{"@type":"ListItem","position":2,"name":"EMERGENCIA EN BAH\u00cdA BLANCA"}]},{"@type":"WebSite","@id":"https:\/\/caritasrosario.com.ar\/inicio\/#website","url":"https:\/\/caritasrosario.com.ar\/inicio\/","name":"Caritas Rosario","description":"Bienvenidos","publisher":{"@id":"https:\/\/caritasrosario.com.ar\/inicio\/#organization"},"potentialAction":[{"@type":"SearchAction","target":{"@type":"EntryPoint","urlTemplate":"https:\/\/caritasrosario.com.ar\/inicio\/?s={search_term_string}"},"query-input":{"@type":"PropertyValueSpecification","valueRequired":true,"valueName":"search_term_string"}}],"inLanguage":"es"},{"@type":"Organization","@id":"https:\/\/caritasrosario.com.ar\/inicio\/#organization","name":"Caritas Rosario","url":"https:\/\/caritasrosario.com.ar\/inicio\/","logo":{"@type":"ImageObject","inLanguage":"es","@id":"https:\/\/caritasrosario.com.ar\/inicio\/#\/schema\/logo\/image\/","url":"https:\/\/caritasrosario.com.ar\/inicio\/wp-content\/uploads\/2021\/04\/cropped-cropped-caritas.png","contentUrl":"https:\/\/caritasrosario.com.ar\/inicio\/wp-content\/uploads\/2021\/04\/cropped-cropped-caritas.png","width":166,"height":199,"caption":"Caritas Rosario"},"image":{"@id":"https:\/\/caritasrosario.com.ar\/inicio\/#\/schema\/logo\/image\/"}},{"@type":"Person","@id":"https:\/\/caritasrosario.com.ar\/inicio\/#\/schema\/person\/1498a1a7ced8fce2994e77af7e614371","name":"Erica o","image":{"@type":"ImageObject","inLanguage":"es","@id":"https:\/\/secure.gravatar.com\/avatar\/fa3f35ca7d5ff64bb894ecfd28022e56fafb787898bf9c8c79ecdb6ae643e953?s=96&d=mm&r=g","url":"https:\/\/secure.gravatar.com\/avatar\/fa3f35ca7d5ff64bb894ecfd28022e56fafb787898bf9c8c79ecdb6ae643e953?s=96&d=mm&r=g","contentUrl":"https:\/\/secure.gravatar.com\/avatar\/fa3f35ca7d5ff64bb894ecfd28022e56fafb787898bf9c8c79ecdb6ae643e953?s=96&d=mm&r=g","caption":"Erica o"},"url":"https:\/\/caritasrosario.com.ar\/inicio\/author\/erica\/"}]}},"_links":{"self":[{"href":"https:\/\/caritasrosario.com.ar\/inicio\/wp-json\/wp\/v2\/posts\/15661","targetHints":{"allow":["GET"]}}],"collection":[{"href":"https:\/\/caritasrosario.com.ar\/inicio\/wp-json\/wp\/v2\/posts"}],"about":[{"href":"https:\/\/caritasrosario.com.ar\/inicio\/wp-json\/wp\/v2\/types\/post"}],"author":[{"embeddable":true,"href":"https:\/\/caritasrosario.com.ar\/inicio\/wp-json\/wp\/v2\/users\/4"}],"replies":[{"embeddable":true,"href":"https:\/\/caritasrosario.com.ar\/inicio\/wp-json\/wp\/v2\/comments?post=15661"}],"version-history":[{"count":5,"href":"https:\/\/caritasrosario.com.ar\/inicio\/wp-json\/wp\/v2\/posts\/15661\/revisions"}],"predecessor-version":[{"id":15667,"href":"https:\/\/caritasrosario.com.ar\/inicio\/wp-json\/wp\/v2\/posts\/15661\/revisions\/15667"}],"wp:featuredmedia":[{"embeddable":true,"href":"https:\/\/caritasrosario.com.ar\/inicio\/wp-json\/wp\/v2\/media\/15663"}],"wp:attachment":[{"href":"https:\/\/caritasrosario.com.ar\/inicio\/wp-json\/wp\/v2\/media?parent=15661"}],"wp:term":[{"taxonomy":"category","embeddable":true,"href":"https:\/\/caritasrosario.com.ar\/inicio\/wp-json\/wp\/v2\/categories?post=15661"},{"taxonomy":"post_tag","embeddable":true,"href":"https:\/\/caritasrosario.com.ar\/inicio\/wp-json\/wp\/v2\/tags?post=15661"}],"curies":[{"name":"wp","href":"https:\/\/api.w.org\/{rel}","templated":true}]}}