{"id":15719,"date":"2025-07-14T13:00:12","date_gmt":"2025-07-14T13:00:12","guid":{"rendered":"https:\/\/caritasrosario.com.ar\/inicio\/?p=15719"},"modified":"2025-07-14T13:13:17","modified_gmt":"2025-07-14T13:13:17","slug":"somos-iglesia-aportes-al-proceso-de-reforma-constitucional","status":"publish","type":"post","link":"https:\/\/caritasrosario.com.ar\/inicio\/somos-iglesia-aportes-al-proceso-de-reforma-constitucional\/","title":{"rendered":"\u201cSomos Iglesia\u201d: aportes al proceso de Reforma Constitucional"},"content":{"rendered":"\t\t<div data-elementor-type=\"wp-post\" data-elementor-id=\"15719\" class=\"elementor elementor-15719\">\n\t\t\t\t\t\t<section class=\"elementor-section elementor-top-section elementor-element elementor-element-44d9b3f elementor-section-boxed elementor-section-height-default elementor-section-height-default\" data-id=\"44d9b3f\" data-element_type=\"section\">\n\t\t\t\t\t\t<div class=\"elementor-container elementor-column-gap-default\">\n\t\t\t\t\t<div class=\"elementor-column elementor-col-100 elementor-top-column elementor-element elementor-element-4f715c1\" data-id=\"4f715c1\" data-element_type=\"column\">\n\t\t\t<div class=\"elementor-widget-wrap elementor-element-populated\">\n\t\t\t\t\t\t<div class=\"elementor-element elementor-element-4d63357 elementor-widget elementor-widget-text-editor\" data-id=\"4d63357\" data-element_type=\"widget\" data-widget_type=\"text-editor.default\">\n\t\t\t\t<div class=\"elementor-widget-container\">\n\t\t\t\t\t\t\t\t\t<p>En el marco del proceso de reforma de la Constituci\u00f3n de la Provincia de Santa Fe, que se inicia esta lunes 14 de julio, las cinco di\u00f3cesis que conforman su territorio \u2014Rafaela, Reconquista, Rosario, Santa Fe de la Vera Cruz y Venado Tuerto\u2014 presentaron un documento com\u00fan titulado \u201cSomos Iglesia: aportes en el proceso de la Reforma Constitucional. Un compromiso ciudadano\u201d, que re\u00fane propuestas y reflexiones construidas colectivamente desde una mirada pastoral y ciudadana.<\/p><p>Este pronunciamiento surge de un camino compartido, plural y participativo, llevado adelante por un equipo interdiocesano conformado por obispos, sacerdotes y laicos. El trabajo se estructur\u00f3 en torno a tres ejes tem\u00e1ticos fundamentales:<\/p><p>Ecolog\u00eda integral: incluye el cuidado de humedales y bosques, el uso responsable de los recursos naturales y la necesidad de una urbanizaci\u00f3n sostenible.<br \/>Vida y dignidad humana: abarca la defensa de la vida en todas sus etapas, la objeci\u00f3n de conciencia, el rol esencial de la familia y la inclusi\u00f3n respetuosa de las diversidades.<br \/>Organizaci\u00f3n pol\u00edtica y bien com\u00fan: se centra en la participaci\u00f3n ciudadana, el fortalecimiento institucional, los derechos sociales y la libertad religiosa.<br \/>Adem\u00e1s del trabajo t\u00e9cnico, el equipo interdiocesano particip\u00f3 activamente en espacios de formaci\u00f3n, di\u00e1logo y encuentro con convencionales constituyentes electos, fomentando un intercambio que refuerza el compromiso con el bien com\u00fan.<br \/>Un camino de escucha y participaci\u00f3n<br \/>Este proceso se gest\u00f3 mucho antes de la sanci\u00f3n de la Ley Provincial N.\u00ba 14.384 \u2014que habilit\u00f3 la necesidad de reforma constitucional\u2014, con la publicaci\u00f3n del art\u00edculo \u201cReconocer a la Iglesia dentro de la pluralidad, sin privilegios\u201d, marcando el inicio de una reflexi\u00f3n p\u00fablica desde la Iglesia.<\/p><p>En noviembre de 2024 comenz\u00f3 el di\u00e1logo interdiocesano, que en marzo de este a\u00f1o se consolid\u00f3 con la conformaci\u00f3n del equipo t\u00e9cnico conjunto. En los meses siguientes se sumaron comunidades parroquiales, movimientos eclesiales, instituciones educativas y organizaciones sociales, logrando la participaci\u00f3n activa de m\u00e1s de 100 personas con aportes concretos.<\/p><p>En junio, se realiz\u00f3 la jornada \u201cLa Iglesia en di\u00e1logo con la Reforma Constitucional: Vida, Ecolog\u00eda y Pol\u00edtica\u201d, de modalidad h\u00edbrida, que convoc\u00f3 a m\u00e1s de 80 personas de toda la provincia y de otras jurisdicciones, generando un espacio amplio de reflexi\u00f3n y debate.<\/p><p>Un aporte desde la fe y el compromiso ciudadano<br \/>Desde la Doctrina Social de la Iglesia y con esp\u00edritu de servicio, las di\u00f3cesis santafesinas afirman que la Reforma Constitucional es una oportunidad hist\u00f3rica para repensar las instituciones, fortalecer la democracia y construir una sociedad m\u00e1s justa, fraterna y solidaria.<\/p><p>Con este documento, la Iglesia reafirma su vocaci\u00f3n de acompa\u00f1ar al Pueblo en este proceso, animando el discernimiento, el di\u00e1logo y la participaci\u00f3n activa.<\/p><p>Documento completo:<\/p><p><a href=\"https:\/\/caritasrosario.com.ar\/inicio\/wp-content\/uploads\/2025\/07\/SOMOS-IGLESIA.pdf\">SOMOS IGLESIA<\/a><\/p>\t\t\t\t\t\t\t\t<\/div>\n\t\t\t\t<\/div>\n\t\t\t\t\t<\/div>\n\t\t<\/div>\n\t\t\t\t\t<\/div>\n\t\t<\/section>\n\t\t\t\t<\/div>\n\t\t","protected":false},"excerpt":{"rendered":"<p>En el marco del proceso de reforma de la Constituci\u00f3n de la Provincia de Santa Fe, que se inicia esta lunes 14 de julio, las cinco di\u00f3cesis que conforman su territorio \u2014Rafaela, Reconquista, Rosario, Santa Fe de la Vera Cruz y Venado Tuerto\u2014 presentaron un documento com\u00fan titulado \u201cSomos Iglesia: aportes en el proceso de&#8230;<\/p>\n","protected":false},"author":4,"featured_media":15721,"comment_status":"open","ping_status":"open","sticky":false,"template":"","format":"standard","meta":{"footnotes":""},"categories":[1],"tags":[],"class_list":["post-15719","post","type-post","status-publish","format-standard","has-post-thumbnail","hentry","category-sin-categoria"],"yoast_head":"<!-- This site is optimized with the Yoast SEO plugin v27.5 - https:\/\/yoast.com\/product\/yoast-seo-wordpress\/ -->\n<title>\u201cSomos Iglesia\u201d: aportes al proceso de Reforma Constitucional - Caritas Rosario<\/title>\n<meta name=\"robots\" content=\"index, follow, max-snippet:-1, max-image-preview:large, max-video-preview:-1\" \/>\n<link rel=\"canonical\" href=\"https:\/\/caritasrosario.com.ar\/inicio\/somos-iglesia-aportes-al-proceso-de-reforma-constitucional\/\" \/>\n<meta property=\"og:locale\" content=\"es_ES\" \/>\n<meta property=\"og:type\" content=\"article\" \/>\n<meta property=\"og:title\" content=\"\u201cSomos Iglesia\u201d: aportes al proceso de Reforma Constitucional - Caritas Rosario\" \/>\n<meta property=\"og:description\" content=\"En el marco del proceso de reforma de la Constituci\u00f3n de la Provincia de Santa Fe, que se inicia esta lunes 14 de julio, las cinco di\u00f3cesis que conforman su territorio \u2014Rafaela, Reconquista, Rosario, Santa Fe de la Vera Cruz y Venado Tuerto\u2014 presentaron un documento com\u00fan titulado \u201cSomos Iglesia: aportes en el proceso de...\" \/>\n<meta property=\"og:url\" content=\"https:\/\/caritasrosario.com.ar\/inicio\/somos-iglesia-aportes-al-proceso-de-reforma-constitucional\/\" \/>\n<meta property=\"og:site_name\" content=\"Caritas Rosario\" \/>\n<meta property=\"article:published_time\" content=\"2025-07-14T13:00:12+00:00\" \/>\n<meta property=\"article:modified_time\" content=\"2025-07-14T13:13:17+00:00\" \/>\n<meta property=\"og:image\" content=\"https:\/\/caritasrosario.com.ar\/inicio\/wp-content\/uploads\/2025\/07\/z1.jpg\" \/>\n\t<meta property=\"og:image:width\" content=\"1440\" \/>\n\t<meta property=\"og:image:height\" content=\"1919\" \/>\n\t<meta property=\"og:image:type\" content=\"image\/jpeg\" \/>\n<meta name=\"author\" content=\"Erica o\" \/>\n<meta name=\"twitter:card\" content=\"summary_large_image\" \/>\n<meta name=\"twitter:label1\" content=\"Escrito por\" \/>\n\t<meta name=\"twitter:data1\" content=\"Erica o\" \/>\n\t<meta name=\"twitter:label2\" content=\"Tiempo de lectura\" \/>\n\t<meta name=\"twitter:data2\" content=\"3 minutos\" \/>\n<script type=\"application\/ld+json\" class=\"yoast-schema-graph\">{\"@context\":\"https:\\\/\\\/schema.org\",\"@graph\":[{\"@type\":\"Article\",\"@id\":\"https:\\\/\\\/caritasrosario.com.ar\\\/inicio\\\/somos-iglesia-aportes-al-proceso-de-reforma-constitucional\\\/#article\",\"isPartOf\":{\"@id\":\"https:\\\/\\\/caritasrosario.com.ar\\\/inicio\\\/somos-iglesia-aportes-al-proceso-de-reforma-constitucional\\\/\"},\"author\":{\"name\":\"Erica o\",\"@id\":\"https:\\\/\\\/caritasrosario.com.ar\\\/inicio\\\/#\\\/schema\\\/person\\\/1498a1a7ced8fce2994e77af7e614371\"},\"headline\":\"\u201cSomos Iglesia\u201d: aportes al proceso de Reforma Constitucional\",\"datePublished\":\"2025-07-14T13:00:12+00:00\",\"dateModified\":\"2025-07-14T13:13:17+00:00\",\"mainEntityOfPage\":{\"@id\":\"https:\\\/\\\/caritasrosario.com.ar\\\/inicio\\\/somos-iglesia-aportes-al-proceso-de-reforma-constitucional\\\/\"},\"wordCount\":482,\"commentCount\":0,\"publisher\":{\"@id\":\"https:\\\/\\\/caritasrosario.com.ar\\\/inicio\\\/#organization\"},\"image\":{\"@id\":\"https:\\\/\\\/caritasrosario.com.ar\\\/inicio\\\/somos-iglesia-aportes-al-proceso-de-reforma-constitucional\\\/#primaryimage\"},\"thumbnailUrl\":\"https:\\\/\\\/caritasrosario.com.ar\\\/inicio\\\/wp-content\\\/uploads\\\/2025\\\/07\\\/z1.jpg\",\"inLanguage\":\"es\",\"potentialAction\":[{\"@type\":\"CommentAction\",\"name\":\"Comment\",\"target\":[\"https:\\\/\\\/caritasrosario.com.ar\\\/inicio\\\/somos-iglesia-aportes-al-proceso-de-reforma-constitucional\\\/#respond\"]}]},{\"@type\":\"WebPage\",\"@id\":\"https:\\\/\\\/caritasrosario.com.ar\\\/inicio\\\/somos-iglesia-aportes-al-proceso-de-reforma-constitucional\\\/\",\"url\":\"https:\\\/\\\/caritasrosario.com.ar\\\/inicio\\\/somos-iglesia-aportes-al-proceso-de-reforma-constitucional\\\/\",\"name\":\"\u201cSomos Iglesia\u201d: aportes al proceso de Reforma Constitucional - Caritas Rosario\",\"isPartOf\":{\"@id\":\"https:\\\/\\\/caritasrosario.com.ar\\\/inicio\\\/#website\"},\"primaryImageOfPage\":{\"@id\":\"https:\\\/\\\/caritasrosario.com.ar\\\/inicio\\\/somos-iglesia-aportes-al-proceso-de-reforma-constitucional\\\/#primaryimage\"},\"image\":{\"@id\":\"https:\\\/\\\/caritasrosario.com.ar\\\/inicio\\\/somos-iglesia-aportes-al-proceso-de-reforma-constitucional\\\/#primaryimage\"},\"thumbnailUrl\":\"https:\\\/\\\/caritasrosario.com.ar\\\/inicio\\\/wp-content\\\/uploads\\\/2025\\\/07\\\/z1.jpg\",\"datePublished\":\"2025-07-14T13:00:12+00:00\",\"dateModified\":\"2025-07-14T13:13:17+00:00\",\"breadcrumb\":{\"@id\":\"https:\\\/\\\/caritasrosario.com.ar\\\/inicio\\\/somos-iglesia-aportes-al-proceso-de-reforma-constitucional\\\/#breadcrumb\"},\"inLanguage\":\"es\",\"potentialAction\":[{\"@type\":\"ReadAction\",\"target\":[\"https:\\\/\\\/caritasrosario.com.ar\\\/inicio\\\/somos-iglesia-aportes-al-proceso-de-reforma-constitucional\\\/\"]}]},{\"@type\":\"ImageObject\",\"inLanguage\":\"es\",\"@id\":\"https:\\\/\\\/caritasrosario.com.ar\\\/inicio\\\/somos-iglesia-aportes-al-proceso-de-reforma-constitucional\\\/#primaryimage\",\"url\":\"https:\\\/\\\/caritasrosario.com.ar\\\/inicio\\\/wp-content\\\/uploads\\\/2025\\\/07\\\/z1.jpg\",\"contentUrl\":\"https:\\\/\\\/caritasrosario.com.ar\\\/inicio\\\/wp-content\\\/uploads\\\/2025\\\/07\\\/z1.jpg\",\"width\":1440,\"height\":1919},{\"@type\":\"BreadcrumbList\",\"@id\":\"https:\\\/\\\/caritasrosario.com.ar\\\/inicio\\\/somos-iglesia-aportes-al-proceso-de-reforma-constitucional\\\/#breadcrumb\",\"itemListElement\":[{\"@type\":\"ListItem\",\"position\":1,\"name\":\"Portada\",\"item\":\"https:\\\/\\\/caritasrosario.com.ar\\\/inicio\\\/\"},{\"@type\":\"ListItem\",\"position\":2,\"name\":\"\u201cSomos Iglesia\u201d: aportes al proceso de Reforma Constitucional\"}]},{\"@type\":\"WebSite\",\"@id\":\"https:\\\/\\\/caritasrosario.com.ar\\\/inicio\\\/#website\",\"url\":\"https:\\\/\\\/caritasrosario.com.ar\\\/inicio\\\/\",\"name\":\"Caritas Rosario\",\"description\":\"Bienvenidos\",\"publisher\":{\"@id\":\"https:\\\/\\\/caritasrosario.com.ar\\\/inicio\\\/#organization\"},\"potentialAction\":[{\"@type\":\"SearchAction\",\"target\":{\"@type\":\"EntryPoint\",\"urlTemplate\":\"https:\\\/\\\/caritasrosario.com.ar\\\/inicio\\\/?s={search_term_string}\"},\"query-input\":{\"@type\":\"PropertyValueSpecification\",\"valueRequired\":true,\"valueName\":\"search_term_string\"}}],\"inLanguage\":\"es\"},{\"@type\":\"Organization\",\"@id\":\"https:\\\/\\\/caritasrosario.com.ar\\\/inicio\\\/#organization\",\"name\":\"Caritas Rosario\",\"url\":\"https:\\\/\\\/caritasrosario.com.ar\\\/inicio\\\/\",\"logo\":{\"@type\":\"ImageObject\",\"inLanguage\":\"es\",\"@id\":\"https:\\\/\\\/caritasrosario.com.ar\\\/inicio\\\/#\\\/schema\\\/logo\\\/image\\\/\",\"url\":\"https:\\\/\\\/caritasrosario.com.ar\\\/inicio\\\/wp-content\\\/uploads\\\/2021\\\/04\\\/cropped-cropped-caritas.png\",\"contentUrl\":\"https:\\\/\\\/caritasrosario.com.ar\\\/inicio\\\/wp-content\\\/uploads\\\/2021\\\/04\\\/cropped-cropped-caritas.png\",\"width\":166,\"height\":199,\"caption\":\"Caritas Rosario\"},\"image\":{\"@id\":\"https:\\\/\\\/caritasrosario.com.ar\\\/inicio\\\/#\\\/schema\\\/logo\\\/image\\\/\"}},{\"@type\":\"Person\",\"@id\":\"https:\\\/\\\/caritasrosario.com.ar\\\/inicio\\\/#\\\/schema\\\/person\\\/1498a1a7ced8fce2994e77af7e614371\",\"name\":\"Erica o\",\"image\":{\"@type\":\"ImageObject\",\"inLanguage\":\"es\",\"@id\":\"https:\\\/\\\/secure.gravatar.com\\\/avatar\\\/fa3f35ca7d5ff64bb894ecfd28022e56fafb787898bf9c8c79ecdb6ae643e953?s=96&d=mm&r=g\",\"url\":\"https:\\\/\\\/secure.gravatar.com\\\/avatar\\\/fa3f35ca7d5ff64bb894ecfd28022e56fafb787898bf9c8c79ecdb6ae643e953?s=96&d=mm&r=g\",\"contentUrl\":\"https:\\\/\\\/secure.gravatar.com\\\/avatar\\\/fa3f35ca7d5ff64bb894ecfd28022e56fafb787898bf9c8c79ecdb6ae643e953?s=96&d=mm&r=g\",\"caption\":\"Erica o\"},\"url\":\"https:\\\/\\\/caritasrosario.com.ar\\\/inicio\\\/author\\\/erica\\\/\"}]}<\/script>\n<!-- \/ Yoast SEO plugin. -->","yoast_head_json":{"title":"\u201cSomos Iglesia\u201d: aportes al proceso de Reforma Constitucional - Caritas Rosario","robots":{"index":"index","follow":"follow","max-snippet":"max-snippet:-1","max-image-preview":"max-image-preview:large","max-video-preview":"max-video-preview:-1"},"canonical":"https:\/\/caritasrosario.com.ar\/inicio\/somos-iglesia-aportes-al-proceso-de-reforma-constitucional\/","og_locale":"es_ES","og_type":"article","og_title":"\u201cSomos Iglesia\u201d: aportes al proceso de Reforma Constitucional - Caritas Rosario","og_description":"En el marco del proceso de reforma de la Constituci\u00f3n de la Provincia de Santa Fe, que se inicia esta lunes 14 de julio, las cinco di\u00f3cesis que conforman su territorio \u2014Rafaela, Reconquista, Rosario, Santa Fe de la Vera Cruz y Venado Tuerto\u2014 presentaron un documento com\u00fan titulado \u201cSomos Iglesia: aportes en el proceso de...","og_url":"https:\/\/caritasrosario.com.ar\/inicio\/somos-iglesia-aportes-al-proceso-de-reforma-constitucional\/","og_site_name":"Caritas Rosario","article_published_time":"2025-07-14T13:00:12+00:00","article_modified_time":"2025-07-14T13:13:17+00:00","og_image":[{"width":1440,"height":1919,"url":"https:\/\/caritasrosario.com.ar\/inicio\/wp-content\/uploads\/2025\/07\/z1.jpg","type":"image\/jpeg"}],"author":"Erica o","twitter_card":"summary_large_image","twitter_misc":{"Escrito por":"Erica o","Tiempo de lectura":"3 minutos"},"schema":{"@context":"https:\/\/schema.org","@graph":[{"@type":"Article","@id":"https:\/\/caritasrosario.com.ar\/inicio\/somos-iglesia-aportes-al-proceso-de-reforma-constitucional\/#article","isPartOf":{"@id":"https:\/\/caritasrosario.com.ar\/inicio\/somos-iglesia-aportes-al-proceso-de-reforma-constitucional\/"},"author":{"name":"Erica o","@id":"https:\/\/caritasrosario.com.ar\/inicio\/#\/schema\/person\/1498a1a7ced8fce2994e77af7e614371"},"headline":"\u201cSomos Iglesia\u201d: aportes al proceso de Reforma Constitucional","datePublished":"2025-07-14T13:00:12+00:00","dateModified":"2025-07-14T13:13:17+00:00","mainEntityOfPage":{"@id":"https:\/\/caritasrosario.com.ar\/inicio\/somos-iglesia-aportes-al-proceso-de-reforma-constitucional\/"},"wordCount":482,"commentCount":0,"publisher":{"@id":"https:\/\/caritasrosario.com.ar\/inicio\/#organization"},"image":{"@id":"https:\/\/caritasrosario.com.ar\/inicio\/somos-iglesia-aportes-al-proceso-de-reforma-constitucional\/#primaryimage"},"thumbnailUrl":"https:\/\/caritasrosario.com.ar\/inicio\/wp-content\/uploads\/2025\/07\/z1.jpg","inLanguage":"es","potentialAction":[{"@type":"CommentAction","name":"Comment","target":["https:\/\/caritasrosario.com.ar\/inicio\/somos-iglesia-aportes-al-proceso-de-reforma-constitucional\/#respond"]}]},{"@type":"WebPage","@id":"https:\/\/caritasrosario.com.ar\/inicio\/somos-iglesia-aportes-al-proceso-de-reforma-constitucional\/","url":"https:\/\/caritasrosario.com.ar\/inicio\/somos-iglesia-aportes-al-proceso-de-reforma-constitucional\/","name":"\u201cSomos Iglesia\u201d: aportes al proceso de Reforma Constitucional - Caritas Rosario","isPartOf":{"@id":"https:\/\/caritasrosario.com.ar\/inicio\/#website"},"primaryImageOfPage":{"@id":"https:\/\/caritasrosario.com.ar\/inicio\/somos-iglesia-aportes-al-proceso-de-reforma-constitucional\/#primaryimage"},"image":{"@id":"https:\/\/caritasrosario.com.ar\/inicio\/somos-iglesia-aportes-al-proceso-de-reforma-constitucional\/#primaryimage"},"thumbnailUrl":"https:\/\/caritasrosario.com.ar\/inicio\/wp-content\/uploads\/2025\/07\/z1.jpg","datePublished":"2025-07-14T13:00:12+00:00","dateModified":"2025-07-14T13:13:17+00:00","breadcrumb":{"@id":"https:\/\/caritasrosario.com.ar\/inicio\/somos-iglesia-aportes-al-proceso-de-reforma-constitucional\/#breadcrumb"},"inLanguage":"es","potentialAction":[{"@type":"ReadAction","target":["https:\/\/caritasrosario.com.ar\/inicio\/somos-iglesia-aportes-al-proceso-de-reforma-constitucional\/"]}]},{"@type":"ImageObject","inLanguage":"es","@id":"https:\/\/caritasrosario.com.ar\/inicio\/somos-iglesia-aportes-al-proceso-de-reforma-constitucional\/#primaryimage","url":"https:\/\/caritasrosario.com.ar\/inicio\/wp-content\/uploads\/2025\/07\/z1.jpg","contentUrl":"https:\/\/caritasrosario.com.ar\/inicio\/wp-content\/uploads\/2025\/07\/z1.jpg","width":1440,"height":1919},{"@type":"BreadcrumbList","@id":"https:\/\/caritasrosario.com.ar\/inicio\/somos-iglesia-aportes-al-proceso-de-reforma-constitucional\/#breadcrumb","itemListElement":[{"@type":"ListItem","position":1,"name":"Portada","item":"https:\/\/caritasrosario.com.ar\/inicio\/"},{"@type":"ListItem","position":2,"name":"\u201cSomos Iglesia\u201d: aportes al proceso de Reforma Constitucional"}]},{"@type":"WebSite","@id":"https:\/\/caritasrosario.com.ar\/inicio\/#website","url":"https:\/\/caritasrosario.com.ar\/inicio\/","name":"Caritas Rosario","description":"Bienvenidos","publisher":{"@id":"https:\/\/caritasrosario.com.ar\/inicio\/#organization"},"potentialAction":[{"@type":"SearchAction","target":{"@type":"EntryPoint","urlTemplate":"https:\/\/caritasrosario.com.ar\/inicio\/?s={search_term_string}"},"query-input":{"@type":"PropertyValueSpecification","valueRequired":true,"valueName":"search_term_string"}}],"inLanguage":"es"},{"@type":"Organization","@id":"https:\/\/caritasrosario.com.ar\/inicio\/#organization","name":"Caritas Rosario","url":"https:\/\/caritasrosario.com.ar\/inicio\/","logo":{"@type":"ImageObject","inLanguage":"es","@id":"https:\/\/caritasrosario.com.ar\/inicio\/#\/schema\/logo\/image\/","url":"https:\/\/caritasrosario.com.ar\/inicio\/wp-content\/uploads\/2021\/04\/cropped-cropped-caritas.png","contentUrl":"https:\/\/caritasrosario.com.ar\/inicio\/wp-content\/uploads\/2021\/04\/cropped-cropped-caritas.png","width":166,"height":199,"caption":"Caritas Rosario"},"image":{"@id":"https:\/\/caritasrosario.com.ar\/inicio\/#\/schema\/logo\/image\/"}},{"@type":"Person","@id":"https:\/\/caritasrosario.com.ar\/inicio\/#\/schema\/person\/1498a1a7ced8fce2994e77af7e614371","name":"Erica o","image":{"@type":"ImageObject","inLanguage":"es","@id":"https:\/\/secure.gravatar.com\/avatar\/fa3f35ca7d5ff64bb894ecfd28022e56fafb787898bf9c8c79ecdb6ae643e953?s=96&d=mm&r=g","url":"https:\/\/secure.gravatar.com\/avatar\/fa3f35ca7d5ff64bb894ecfd28022e56fafb787898bf9c8c79ecdb6ae643e953?s=96&d=mm&r=g","contentUrl":"https:\/\/secure.gravatar.com\/avatar\/fa3f35ca7d5ff64bb894ecfd28022e56fafb787898bf9c8c79ecdb6ae643e953?s=96&d=mm&r=g","caption":"Erica o"},"url":"https:\/\/caritasrosario.com.ar\/inicio\/author\/erica\/"}]}},"_links":{"self":[{"href":"https:\/\/caritasrosario.com.ar\/inicio\/wp-json\/wp\/v2\/posts\/15719","targetHints":{"allow":["GET"]}}],"collection":[{"href":"https:\/\/caritasrosario.com.ar\/inicio\/wp-json\/wp\/v2\/posts"}],"about":[{"href":"https:\/\/caritasrosario.com.ar\/inicio\/wp-json\/wp\/v2\/types\/post"}],"author":[{"embeddable":true,"href":"https:\/\/caritasrosario.com.ar\/inicio\/wp-json\/wp\/v2\/users\/4"}],"replies":[{"embeddable":true,"href":"https:\/\/caritasrosario.com.ar\/inicio\/wp-json\/wp\/v2\/comments?post=15719"}],"version-history":[{"count":10,"href":"https:\/\/caritasrosario.com.ar\/inicio\/wp-json\/wp\/v2\/posts\/15719\/revisions"}],"predecessor-version":[{"id":15732,"href":"https:\/\/caritasrosario.com.ar\/inicio\/wp-json\/wp\/v2\/posts\/15719\/revisions\/15732"}],"wp:featuredmedia":[{"embeddable":true,"href":"https:\/\/caritasrosario.com.ar\/inicio\/wp-json\/wp\/v2\/media\/15721"}],"wp:attachment":[{"href":"https:\/\/caritasrosario.com.ar\/inicio\/wp-json\/wp\/v2\/media?parent=15719"}],"wp:term":[{"taxonomy":"category","embeddable":true,"href":"https:\/\/caritasrosario.com.ar\/inicio\/wp-json\/wp\/v2\/categories?post=15719"},{"taxonomy":"post_tag","embeddable":true,"href":"https:\/\/caritasrosario.com.ar\/inicio\/wp-json\/wp\/v2\/tags?post=15719"}],"curies":[{"name":"wp","href":"https:\/\/api.w.org\/{rel}","templated":true}]}}