{"id":15747,"date":"2025-09-01T13:42:25","date_gmt":"2025-09-01T13:42:25","guid":{"rendered":"https:\/\/caritasrosario.com.ar\/inicio\/?p=15747"},"modified":"2025-09-01T13:44:22","modified_gmt":"2025-09-01T13:44:22","slug":"jubileo-de-la-caridad-2","status":"publish","type":"post","link":"https:\/\/caritasrosario.com.ar\/inicio\/jubileo-de-la-caridad-2\/","title":{"rendered":"Jubileo de la Caridad"},"content":{"rendered":"\t\t<div data-elementor-type=\"wp-post\" data-elementor-id=\"15747\" class=\"elementor elementor-15747\">\n\t\t\t\t\t\t<section class=\"elementor-section elementor-top-section elementor-element elementor-element-06e421f elementor-section-boxed elementor-section-height-default elementor-section-height-default\" data-id=\"06e421f\" data-element_type=\"section\">\n\t\t\t\t\t\t<div class=\"elementor-container elementor-column-gap-default\">\n\t\t\t\t\t<div class=\"elementor-column elementor-col-100 elementor-top-column elementor-element elementor-element-b3b67ff\" data-id=\"b3b67ff\" data-element_type=\"column\">\n\t\t\t<div class=\"elementor-widget-wrap elementor-element-populated\">\n\t\t\t\t\t\t<div class=\"elementor-element elementor-element-bc011c8 elementor-widget elementor-widget-text-editor\" data-id=\"bc011c8\" data-element_type=\"widget\" data-widget_type=\"text-editor.default\">\n\t\t\t\t<div class=\"elementor-widget-container\">\n\t\t\t\t\t\t\t\t\t<p>El s\u00e1bado 30 de agosto, en el marco del A\u00f1o Jubilar convocado por el Papa Francisco bajo el lema \u201cPeregrinos de Esperanza\u201d, celebramos en la Bas\u00edlica Catedral &#8220;Ntra. Sra. del Rosario&#8221;, el Jubileo de la Caridad.<br \/>La jornada fue organizada por C\u00e1ritas Rosario y la Pastoral Social Arquidiocesana, con el objetivo de expresar y transmitir el esp\u00edritu del Jubileo, poniendo en el centro la esperanza que brota del coraz\u00f3n humano y que se manifiesta en el deseo profundo del bien com\u00fan, en unidad, di\u00e1logo y paz social.<br \/>Compartimos la firma del &#8220;Compromiso por la Esperanza&#8221; y la celebraci\u00f3n de la Santa Misa presidida por Mons. Eduardo Mart\u00edn, en un clima de comuni\u00f3n y fraternidad.<br \/>Con este Jubileo, como Iglesia renovamos el compromiso de trabajar por la construcci\u00f3n del Bien Com\u00fan, animando a toda la comunidad a caminar juntos como aut\u00e9nticos peregrinos de esperanza.<br \/>\ud83d\udc99&#8221;Con Mar\u00eda, peregrinos de la Esperanza&#8221;\ud83d\udc99<\/p>\t\t\t\t\t\t\t\t<\/div>\n\t\t\t\t<\/div>\n\t\t\t\t\t<\/div>\n\t\t<\/div>\n\t\t\t\t\t<\/div>\n\t\t<\/section>\n\t\t\t\t<section class=\"elementor-section elementor-top-section elementor-element elementor-element-6da7bc9 elementor-section-boxed elementor-section-height-default elementor-section-height-default\" data-id=\"6da7bc9\" data-element_type=\"section\">\n\t\t\t\t\t\t<div class=\"elementor-container elementor-column-gap-default\">\n\t\t\t\t\t<div class=\"elementor-column elementor-col-100 elementor-top-column elementor-element elementor-element-11fea99\" data-id=\"11fea99\" data-element_type=\"column\">\n\t\t\t<div class=\"elementor-widget-wrap elementor-element-populated\">\n\t\t\t\t\t\t<div class=\"elementor-element elementor-element-088b5e6 elementor-widget elementor-widget-image\" data-id=\"088b5e6\" data-element_type=\"widget\" data-widget_type=\"image.default\">\n\t\t\t\t<div class=\"elementor-widget-container\">\n\t\t\t\t\t\t\t\t\t\t\t\t\t\t\t<img decoding=\"async\" src=\"https:\/\/caritasrosario.com.ar\/inicio\/wp-content\/plugins\/elementor\/assets\/images\/placeholder.png\" title=\"\" alt=\"\" loading=\"lazy\" \/>\t\t\t\t\t\t\t\t\t\t\t\t\t\t\t<\/div>\n\t\t\t\t<\/div>\n\t\t\t\t\t<\/div>\n\t\t<\/div>\n\t\t\t\t\t<\/div>\n\t\t<\/section>\n\t\t\t\t<\/div>\n\t\t","protected":false},"excerpt":{"rendered":"<p>El s\u00e1bado 30 de agosto, en el marco del A\u00f1o Jubilar convocado por el Papa Francisco bajo el lema \u201cPeregrinos de Esperanza\u201d, celebramos en la Bas\u00edlica Catedral &#8220;Ntra. Sra. del Rosario&#8221;, el Jubileo de la Caridad.La jornada fue organizada por C\u00e1ritas Rosario y la Pastoral Social Arquidiocesana, con el objetivo de expresar y transmitir el&#8230;<\/p>\n","protected":false},"author":4,"featured_media":15749,"comment_status":"open","ping_status":"open","sticky":false,"template":"","format":"standard","meta":{"footnotes":""},"categories":[1],"tags":[],"class_list":["post-15747","post","type-post","status-publish","format-standard","has-post-thumbnail","hentry","category-sin-categoria"],"yoast_head":"<!-- This site is optimized with the Yoast SEO plugin v27.5 - https:\/\/yoast.com\/product\/yoast-seo-wordpress\/ -->\n<title>Jubileo de la Caridad - Caritas Rosario<\/title>\n<meta name=\"robots\" content=\"index, follow, max-snippet:-1, max-image-preview:large, max-video-preview:-1\" \/>\n<link rel=\"canonical\" href=\"https:\/\/caritasrosario.com.ar\/inicio\/jubileo-de-la-caridad-2\/\" \/>\n<meta property=\"og:locale\" content=\"es_ES\" \/>\n<meta property=\"og:type\" content=\"article\" \/>\n<meta property=\"og:title\" content=\"Jubileo de la Caridad - Caritas Rosario\" \/>\n<meta property=\"og:description\" content=\"El s\u00e1bado 30 de agosto, en el marco del A\u00f1o Jubilar convocado por el Papa Francisco bajo el lema \u201cPeregrinos de Esperanza\u201d, celebramos en la Bas\u00edlica Catedral &#8220;Ntra. Sra. del Rosario&#8221;, el Jubileo de la Caridad.La jornada fue organizada por C\u00e1ritas Rosario y la Pastoral Social Arquidiocesana, con el objetivo de expresar y transmitir el...\" \/>\n<meta property=\"og:url\" content=\"https:\/\/caritasrosario.com.ar\/inicio\/jubileo-de-la-caridad-2\/\" \/>\n<meta property=\"og:site_name\" content=\"Caritas Rosario\" \/>\n<meta property=\"article:published_time\" content=\"2025-09-01T13:42:25+00:00\" \/>\n<meta property=\"article:modified_time\" content=\"2025-09-01T13:44:22+00:00\" \/>\n<meta property=\"og:image\" content=\"https:\/\/caritasrosario.com.ar\/inicio\/wp-content\/uploads\/2025\/09\/jubileoo-2025.jpg\" \/>\n\t<meta property=\"og:image:width\" content=\"1080\" \/>\n\t<meta property=\"og:image:height\" content=\"565\" \/>\n\t<meta property=\"og:image:type\" content=\"image\/jpeg\" \/>\n<meta name=\"author\" content=\"Erica o\" \/>\n<meta name=\"twitter:card\" content=\"summary_large_image\" \/>\n<meta name=\"twitter:label1\" content=\"Escrito por\" \/>\n\t<meta name=\"twitter:data1\" content=\"Erica o\" \/>\n\t<meta name=\"twitter:label2\" content=\"Tiempo de lectura\" \/>\n\t<meta name=\"twitter:data2\" content=\"2 minutos\" \/>\n<script type=\"application\/ld+json\" class=\"yoast-schema-graph\">{\"@context\":\"https:\\\/\\\/schema.org\",\"@graph\":[{\"@type\":\"Article\",\"@id\":\"https:\\\/\\\/caritasrosario.com.ar\\\/inicio\\\/jubileo-de-la-caridad-2\\\/#article\",\"isPartOf\":{\"@id\":\"https:\\\/\\\/caritasrosario.com.ar\\\/inicio\\\/jubileo-de-la-caridad-2\\\/\"},\"author\":{\"name\":\"Erica o\",\"@id\":\"https:\\\/\\\/caritasrosario.com.ar\\\/inicio\\\/#\\\/schema\\\/person\\\/1498a1a7ced8fce2994e77af7e614371\"},\"headline\":\"Jubileo de la Caridad\",\"datePublished\":\"2025-09-01T13:42:25+00:00\",\"dateModified\":\"2025-09-01T13:44:22+00:00\",\"mainEntityOfPage\":{\"@id\":\"https:\\\/\\\/caritasrosario.com.ar\\\/inicio\\\/jubileo-de-la-caridad-2\\\/\"},\"wordCount\":171,\"commentCount\":0,\"publisher\":{\"@id\":\"https:\\\/\\\/caritasrosario.com.ar\\\/inicio\\\/#organization\"},\"image\":{\"@id\":\"https:\\\/\\\/caritasrosario.com.ar\\\/inicio\\\/jubileo-de-la-caridad-2\\\/#primaryimage\"},\"thumbnailUrl\":\"https:\\\/\\\/caritasrosario.com.ar\\\/inicio\\\/wp-content\\\/uploads\\\/2025\\\/09\\\/jubileoo-2025.jpg\",\"inLanguage\":\"es\",\"potentialAction\":[{\"@type\":\"CommentAction\",\"name\":\"Comment\",\"target\":[\"https:\\\/\\\/caritasrosario.com.ar\\\/inicio\\\/jubileo-de-la-caridad-2\\\/#respond\"]}]},{\"@type\":\"WebPage\",\"@id\":\"https:\\\/\\\/caritasrosario.com.ar\\\/inicio\\\/jubileo-de-la-caridad-2\\\/\",\"url\":\"https:\\\/\\\/caritasrosario.com.ar\\\/inicio\\\/jubileo-de-la-caridad-2\\\/\",\"name\":\"Jubileo de la Caridad - Caritas Rosario\",\"isPartOf\":{\"@id\":\"https:\\\/\\\/caritasrosario.com.ar\\\/inicio\\\/#website\"},\"primaryImageOfPage\":{\"@id\":\"https:\\\/\\\/caritasrosario.com.ar\\\/inicio\\\/jubileo-de-la-caridad-2\\\/#primaryimage\"},\"image\":{\"@id\":\"https:\\\/\\\/caritasrosario.com.ar\\\/inicio\\\/jubileo-de-la-caridad-2\\\/#primaryimage\"},\"thumbnailUrl\":\"https:\\\/\\\/caritasrosario.com.ar\\\/inicio\\\/wp-content\\\/uploads\\\/2025\\\/09\\\/jubileoo-2025.jpg\",\"datePublished\":\"2025-09-01T13:42:25+00:00\",\"dateModified\":\"2025-09-01T13:44:22+00:00\",\"breadcrumb\":{\"@id\":\"https:\\\/\\\/caritasrosario.com.ar\\\/inicio\\\/jubileo-de-la-caridad-2\\\/#breadcrumb\"},\"inLanguage\":\"es\",\"potentialAction\":[{\"@type\":\"ReadAction\",\"target\":[\"https:\\\/\\\/caritasrosario.com.ar\\\/inicio\\\/jubileo-de-la-caridad-2\\\/\"]}]},{\"@type\":\"ImageObject\",\"inLanguage\":\"es\",\"@id\":\"https:\\\/\\\/caritasrosario.com.ar\\\/inicio\\\/jubileo-de-la-caridad-2\\\/#primaryimage\",\"url\":\"https:\\\/\\\/caritasrosario.com.ar\\\/inicio\\\/wp-content\\\/uploads\\\/2025\\\/09\\\/jubileoo-2025.jpg\",\"contentUrl\":\"https:\\\/\\\/caritasrosario.com.ar\\\/inicio\\\/wp-content\\\/uploads\\\/2025\\\/09\\\/jubileoo-2025.jpg\",\"width\":1080,\"height\":565},{\"@type\":\"BreadcrumbList\",\"@id\":\"https:\\\/\\\/caritasrosario.com.ar\\\/inicio\\\/jubileo-de-la-caridad-2\\\/#breadcrumb\",\"itemListElement\":[{\"@type\":\"ListItem\",\"position\":1,\"name\":\"Portada\",\"item\":\"https:\\\/\\\/caritasrosario.com.ar\\\/inicio\\\/\"},{\"@type\":\"ListItem\",\"position\":2,\"name\":\"Jubileo de la Caridad\"}]},{\"@type\":\"WebSite\",\"@id\":\"https:\\\/\\\/caritasrosario.com.ar\\\/inicio\\\/#website\",\"url\":\"https:\\\/\\\/caritasrosario.com.ar\\\/inicio\\\/\",\"name\":\"Caritas Rosario\",\"description\":\"Bienvenidos\",\"publisher\":{\"@id\":\"https:\\\/\\\/caritasrosario.com.ar\\\/inicio\\\/#organization\"},\"potentialAction\":[{\"@type\":\"SearchAction\",\"target\":{\"@type\":\"EntryPoint\",\"urlTemplate\":\"https:\\\/\\\/caritasrosario.com.ar\\\/inicio\\\/?s={search_term_string}\"},\"query-input\":{\"@type\":\"PropertyValueSpecification\",\"valueRequired\":true,\"valueName\":\"search_term_string\"}}],\"inLanguage\":\"es\"},{\"@type\":\"Organization\",\"@id\":\"https:\\\/\\\/caritasrosario.com.ar\\\/inicio\\\/#organization\",\"name\":\"Caritas Rosario\",\"url\":\"https:\\\/\\\/caritasrosario.com.ar\\\/inicio\\\/\",\"logo\":{\"@type\":\"ImageObject\",\"inLanguage\":\"es\",\"@id\":\"https:\\\/\\\/caritasrosario.com.ar\\\/inicio\\\/#\\\/schema\\\/logo\\\/image\\\/\",\"url\":\"https:\\\/\\\/caritasrosario.com.ar\\\/inicio\\\/wp-content\\\/uploads\\\/2021\\\/04\\\/cropped-cropped-caritas.png\",\"contentUrl\":\"https:\\\/\\\/caritasrosario.com.ar\\\/inicio\\\/wp-content\\\/uploads\\\/2021\\\/04\\\/cropped-cropped-caritas.png\",\"width\":166,\"height\":199,\"caption\":\"Caritas Rosario\"},\"image\":{\"@id\":\"https:\\\/\\\/caritasrosario.com.ar\\\/inicio\\\/#\\\/schema\\\/logo\\\/image\\\/\"}},{\"@type\":\"Person\",\"@id\":\"https:\\\/\\\/caritasrosario.com.ar\\\/inicio\\\/#\\\/schema\\\/person\\\/1498a1a7ced8fce2994e77af7e614371\",\"name\":\"Erica o\",\"image\":{\"@type\":\"ImageObject\",\"inLanguage\":\"es\",\"@id\":\"https:\\\/\\\/secure.gravatar.com\\\/avatar\\\/fa3f35ca7d5ff64bb894ecfd28022e56fafb787898bf9c8c79ecdb6ae643e953?s=96&d=mm&r=g\",\"url\":\"https:\\\/\\\/secure.gravatar.com\\\/avatar\\\/fa3f35ca7d5ff64bb894ecfd28022e56fafb787898bf9c8c79ecdb6ae643e953?s=96&d=mm&r=g\",\"contentUrl\":\"https:\\\/\\\/secure.gravatar.com\\\/avatar\\\/fa3f35ca7d5ff64bb894ecfd28022e56fafb787898bf9c8c79ecdb6ae643e953?s=96&d=mm&r=g\",\"caption\":\"Erica o\"},\"url\":\"https:\\\/\\\/caritasrosario.com.ar\\\/inicio\\\/author\\\/erica\\\/\"}]}<\/script>\n<!-- \/ Yoast SEO plugin. -->","yoast_head_json":{"title":"Jubileo de la Caridad - Caritas Rosario","robots":{"index":"index","follow":"follow","max-snippet":"max-snippet:-1","max-image-preview":"max-image-preview:large","max-video-preview":"max-video-preview:-1"},"canonical":"https:\/\/caritasrosario.com.ar\/inicio\/jubileo-de-la-caridad-2\/","og_locale":"es_ES","og_type":"article","og_title":"Jubileo de la Caridad - Caritas Rosario","og_description":"El s\u00e1bado 30 de agosto, en el marco del A\u00f1o Jubilar convocado por el Papa Francisco bajo el lema \u201cPeregrinos de Esperanza\u201d, celebramos en la Bas\u00edlica Catedral &#8220;Ntra. Sra. del Rosario&#8221;, el Jubileo de la Caridad.La jornada fue organizada por C\u00e1ritas Rosario y la Pastoral Social Arquidiocesana, con el objetivo de expresar y transmitir el...","og_url":"https:\/\/caritasrosario.com.ar\/inicio\/jubileo-de-la-caridad-2\/","og_site_name":"Caritas Rosario","article_published_time":"2025-09-01T13:42:25+00:00","article_modified_time":"2025-09-01T13:44:22+00:00","og_image":[{"width":1080,"height":565,"url":"https:\/\/caritasrosario.com.ar\/inicio\/wp-content\/uploads\/2025\/09\/jubileoo-2025.jpg","type":"image\/jpeg"}],"author":"Erica o","twitter_card":"summary_large_image","twitter_misc":{"Escrito por":"Erica o","Tiempo de lectura":"2 minutos"},"schema":{"@context":"https:\/\/schema.org","@graph":[{"@type":"Article","@id":"https:\/\/caritasrosario.com.ar\/inicio\/jubileo-de-la-caridad-2\/#article","isPartOf":{"@id":"https:\/\/caritasrosario.com.ar\/inicio\/jubileo-de-la-caridad-2\/"},"author":{"name":"Erica o","@id":"https:\/\/caritasrosario.com.ar\/inicio\/#\/schema\/person\/1498a1a7ced8fce2994e77af7e614371"},"headline":"Jubileo de la Caridad","datePublished":"2025-09-01T13:42:25+00:00","dateModified":"2025-09-01T13:44:22+00:00","mainEntityOfPage":{"@id":"https:\/\/caritasrosario.com.ar\/inicio\/jubileo-de-la-caridad-2\/"},"wordCount":171,"commentCount":0,"publisher":{"@id":"https:\/\/caritasrosario.com.ar\/inicio\/#organization"},"image":{"@id":"https:\/\/caritasrosario.com.ar\/inicio\/jubileo-de-la-caridad-2\/#primaryimage"},"thumbnailUrl":"https:\/\/caritasrosario.com.ar\/inicio\/wp-content\/uploads\/2025\/09\/jubileoo-2025.jpg","inLanguage":"es","potentialAction":[{"@type":"CommentAction","name":"Comment","target":["https:\/\/caritasrosario.com.ar\/inicio\/jubileo-de-la-caridad-2\/#respond"]}]},{"@type":"WebPage","@id":"https:\/\/caritasrosario.com.ar\/inicio\/jubileo-de-la-caridad-2\/","url":"https:\/\/caritasrosario.com.ar\/inicio\/jubileo-de-la-caridad-2\/","name":"Jubileo de la Caridad - Caritas Rosario","isPartOf":{"@id":"https:\/\/caritasrosario.com.ar\/inicio\/#website"},"primaryImageOfPage":{"@id":"https:\/\/caritasrosario.com.ar\/inicio\/jubileo-de-la-caridad-2\/#primaryimage"},"image":{"@id":"https:\/\/caritasrosario.com.ar\/inicio\/jubileo-de-la-caridad-2\/#primaryimage"},"thumbnailUrl":"https:\/\/caritasrosario.com.ar\/inicio\/wp-content\/uploads\/2025\/09\/jubileoo-2025.jpg","datePublished":"2025-09-01T13:42:25+00:00","dateModified":"2025-09-01T13:44:22+00:00","breadcrumb":{"@id":"https:\/\/caritasrosario.com.ar\/inicio\/jubileo-de-la-caridad-2\/#breadcrumb"},"inLanguage":"es","potentialAction":[{"@type":"ReadAction","target":["https:\/\/caritasrosario.com.ar\/inicio\/jubileo-de-la-caridad-2\/"]}]},{"@type":"ImageObject","inLanguage":"es","@id":"https:\/\/caritasrosario.com.ar\/inicio\/jubileo-de-la-caridad-2\/#primaryimage","url":"https:\/\/caritasrosario.com.ar\/inicio\/wp-content\/uploads\/2025\/09\/jubileoo-2025.jpg","contentUrl":"https:\/\/caritasrosario.com.ar\/inicio\/wp-content\/uploads\/2025\/09\/jubileoo-2025.jpg","width":1080,"height":565},{"@type":"BreadcrumbList","@id":"https:\/\/caritasrosario.com.ar\/inicio\/jubileo-de-la-caridad-2\/#breadcrumb","itemListElement":[{"@type":"ListItem","position":1,"name":"Portada","item":"https:\/\/caritasrosario.com.ar\/inicio\/"},{"@type":"ListItem","position":2,"name":"Jubileo de la Caridad"}]},{"@type":"WebSite","@id":"https:\/\/caritasrosario.com.ar\/inicio\/#website","url":"https:\/\/caritasrosario.com.ar\/inicio\/","name":"Caritas Rosario","description":"Bienvenidos","publisher":{"@id":"https:\/\/caritasrosario.com.ar\/inicio\/#organization"},"potentialAction":[{"@type":"SearchAction","target":{"@type":"EntryPoint","urlTemplate":"https:\/\/caritasrosario.com.ar\/inicio\/?s={search_term_string}"},"query-input":{"@type":"PropertyValueSpecification","valueRequired":true,"valueName":"search_term_string"}}],"inLanguage":"es"},{"@type":"Organization","@id":"https:\/\/caritasrosario.com.ar\/inicio\/#organization","name":"Caritas Rosario","url":"https:\/\/caritasrosario.com.ar\/inicio\/","logo":{"@type":"ImageObject","inLanguage":"es","@id":"https:\/\/caritasrosario.com.ar\/inicio\/#\/schema\/logo\/image\/","url":"https:\/\/caritasrosario.com.ar\/inicio\/wp-content\/uploads\/2021\/04\/cropped-cropped-caritas.png","contentUrl":"https:\/\/caritasrosario.com.ar\/inicio\/wp-content\/uploads\/2021\/04\/cropped-cropped-caritas.png","width":166,"height":199,"caption":"Caritas Rosario"},"image":{"@id":"https:\/\/caritasrosario.com.ar\/inicio\/#\/schema\/logo\/image\/"}},{"@type":"Person","@id":"https:\/\/caritasrosario.com.ar\/inicio\/#\/schema\/person\/1498a1a7ced8fce2994e77af7e614371","name":"Erica o","image":{"@type":"ImageObject","inLanguage":"es","@id":"https:\/\/secure.gravatar.com\/avatar\/fa3f35ca7d5ff64bb894ecfd28022e56fafb787898bf9c8c79ecdb6ae643e953?s=96&d=mm&r=g","url":"https:\/\/secure.gravatar.com\/avatar\/fa3f35ca7d5ff64bb894ecfd28022e56fafb787898bf9c8c79ecdb6ae643e953?s=96&d=mm&r=g","contentUrl":"https:\/\/secure.gravatar.com\/avatar\/fa3f35ca7d5ff64bb894ecfd28022e56fafb787898bf9c8c79ecdb6ae643e953?s=96&d=mm&r=g","caption":"Erica o"},"url":"https:\/\/caritasrosario.com.ar\/inicio\/author\/erica\/"}]}},"_links":{"self":[{"href":"https:\/\/caritasrosario.com.ar\/inicio\/wp-json\/wp\/v2\/posts\/15747","targetHints":{"allow":["GET"]}}],"collection":[{"href":"https:\/\/caritasrosario.com.ar\/inicio\/wp-json\/wp\/v2\/posts"}],"about":[{"href":"https:\/\/caritasrosario.com.ar\/inicio\/wp-json\/wp\/v2\/types\/post"}],"author":[{"embeddable":true,"href":"https:\/\/caritasrosario.com.ar\/inicio\/wp-json\/wp\/v2\/users\/4"}],"replies":[{"embeddable":true,"href":"https:\/\/caritasrosario.com.ar\/inicio\/wp-json\/wp\/v2\/comments?post=15747"}],"version-history":[{"count":5,"href":"https:\/\/caritasrosario.com.ar\/inicio\/wp-json\/wp\/v2\/posts\/15747\/revisions"}],"predecessor-version":[{"id":15753,"href":"https:\/\/caritasrosario.com.ar\/inicio\/wp-json\/wp\/v2\/posts\/15747\/revisions\/15753"}],"wp:featuredmedia":[{"embeddable":true,"href":"https:\/\/caritasrosario.com.ar\/inicio\/wp-json\/wp\/v2\/media\/15749"}],"wp:attachment":[{"href":"https:\/\/caritasrosario.com.ar\/inicio\/wp-json\/wp\/v2\/media?parent=15747"}],"wp:term":[{"taxonomy":"category","embeddable":true,"href":"https:\/\/caritasrosario.com.ar\/inicio\/wp-json\/wp\/v2\/categories?post=15747"},{"taxonomy":"post_tag","embeddable":true,"href":"https:\/\/caritasrosario.com.ar\/inicio\/wp-json\/wp\/v2\/tags?post=15747"}],"curies":[{"name":"wp","href":"https:\/\/api.w.org\/{rel}","templated":true}]}}